{"id":51581,"date":"2026-09-04T20:08:59","date_gmt":"2026-09-04T23:08:59","guid":{"rendered":"http:\/\/fmdelpueblo.ar\/?p=51581"},"modified":"2026-09-04T20:08:59","modified_gmt":"2026-09-04T23:08:59","slug":"javier-milei-hablo-de-las-elecciones-2027-y-desestimo-una-flexibilizacion-de-la-politica-economica-voy-a-redoblar-la-ortodoxia","status":"publish","type":"post","link":"https:\/\/fmdelpueblo.ar\/?p=51581","title":{"rendered":"Javier Milei habl\u00f3 de las elecciones 2027 y desestim\u00f3 una flexibilizaci\u00f3n de la pol\u00edtica econ\u00f3mica: \u00abVoy a redoblar la ortodoxia\u00bb"},"content":{"rendered":"<p>El Presidente reconoci\u00f3 que \u00abpersiste la inflaci\u00f3n\u00bb y subray\u00f3 que seguir\u00e1 con la dura pol\u00edtica fiscal y monetaria.Fuerte mensaje al kirchnerismo y las menciones que hizo a la cuesti\u00f3n Malvinas.<\/p>","protected":false},"excerpt":{"rendered":"<p>El Presidente reconoci\u00f3 que \u00abpersiste la inflaci\u00f3n\u00bb y subray\u00f3 que seguir\u00e1 con la dura pol\u00edtica fiscal y monetaria.Fuerte mensaje al kirchnerismo y las menciones que hizo a la cuesti\u00f3n Malvinas.<\/p>\n","protected":false},"author":0,"featured_media":0,"comment_status":"","ping_status":"","sticky":false,"template":"","format":"standard","meta":{"footnotes":""},"categories":[1],"tags":[],"class_list":["post-51581","post","type-post","status-publish","format-standard","has-post-thumbnail","hentry","category-sin-categoria"],"_links":{"self":[{"href":"https:\/\/fmdelpueblo.ar\/index.php?rest_route=\/wp\/v2\/posts\/51581","targetHints":{"allow":["GET"]}}],"collection":[{"href":"https:\/\/fmdelpueblo.ar\/index.php?rest_route=\/wp\/v2\/posts"}],"about":[{"href":"https:\/\/fmdelpueblo.ar\/index.php?rest_route=\/wp\/v2\/types\/post"}],"replies":[{"embeddable":true,"href":"https:\/\/fmdelpueblo.ar\/index.php?rest_route=%2Fwp%2Fv2%2Fcomments&post=51581"}],"version-history":[{"count":0,"href":"https:\/\/fmdelpueblo.ar\/index.php?rest_route=\/wp\/v2\/posts\/51581\/revisions"}],"wp:attachment":[{"href":"https:\/\/fmdelpueblo.ar\/index.php?rest_route=%2Fwp%2Fv2%2Fmedia&parent=51581"}],"wp:term":[{"taxonomy":"category","embeddable":true,"href":"https:\/\/fmdelpueblo.ar\/index.php?rest_route=%2Fwp%2Fv2%2Fcategories&post=51581"},{"taxonomy":"post_tag","embeddable":true,"href":"https:\/\/fmdelpueblo.ar\/index.php?rest_route=%2Fwp%2Fv2%2Ftags&post=51581"}],"curies":[{"name":"wp","href":"https:\/\/api.w.org\/{rel}","templated":true}]}}