{"id":51579,"date":"2026-09-04T20:08:58","date_gmt":"2026-09-04T23:08:58","guid":{"rendered":"http:\/\/fmdelpueblo.ar\/?p=51579"},"modified":"2026-09-04T20:08:58","modified_gmt":"2026-09-04T23:08:58","slug":"golazo-de-nico-paz-para-un-como-que-vuela-el-10-que-crece-en-italia-y-se-postula-para-ser-el-heredero-de-messi-en-la-seleccion","status":"publish","type":"post","link":"https:\/\/fmdelpueblo.ar\/?p=51579","title":{"rendered":"Golazo de Nico Paz para un Como que vuela: el 10 que crece en Italia y se postula para ser el heredero de  Messi en la Selecci\u00f3n"},"content":{"rendered":"<p>El argentino marc\u00f3 por primera vez en la temporada en el 4-1 ante Genoa, tuvo otra chance que termin\u00f3 en el palo y fue protagonista de una nueva gran actuaci\u00f3n del equipo de Cesc F\u00e1bregas.A los 21 a\u00f1os, viene de ser elegido mejor juvenil de la Serie A, ya lleva la 10 de un Como que jugar\u00e1 la Champions y aparece como uno de los nombres llamados a tomar la posta de Leo en la nueva Selecci\u00f3n Argentina.<\/p>","protected":false},"excerpt":{"rendered":"<p>El argentino marc\u00f3 por primera vez en la temporada en el 4-1 ante Genoa, tuvo otra chance que termin\u00f3 en el palo y fue protagonista de una nueva gran actuaci\u00f3n del equipo de Cesc F\u00e1bregas.A los 21 a\u00f1os, viene de ser elegido mejor juvenil de la Serie A, ya lleva la 10 de un Como [&hellip;]<\/p>\n","protected":false},"author":0,"featured_media":0,"comment_status":"","ping_status":"","sticky":false,"template":"","format":"standard","meta":{"footnotes":""},"categories":[1],"tags":[],"class_list":["post-51579","post","type-post","status-publish","format-standard","has-post-thumbnail","hentry","category-sin-categoria"],"_links":{"self":[{"href":"https:\/\/fmdelpueblo.ar\/index.php?rest_route=\/wp\/v2\/posts\/51579","targetHints":{"allow":["GET"]}}],"collection":[{"href":"https:\/\/fmdelpueblo.ar\/index.php?rest_route=\/wp\/v2\/posts"}],"about":[{"href":"https:\/\/fmdelpueblo.ar\/index.php?rest_route=\/wp\/v2\/types\/post"}],"replies":[{"embeddable":true,"href":"https:\/\/fmdelpueblo.ar\/index.php?rest_route=%2Fwp%2Fv2%2Fcomments&post=51579"}],"version-history":[{"count":0,"href":"https:\/\/fmdelpueblo.ar\/index.php?rest_route=\/wp\/v2\/posts\/51579\/revisions"}],"wp:attachment":[{"href":"https:\/\/fmdelpueblo.ar\/index.php?rest_route=%2Fwp%2Fv2%2Fmedia&parent=51579"}],"wp:term":[{"taxonomy":"category","embeddable":true,"href":"https:\/\/fmdelpueblo.ar\/index.php?rest_route=%2Fwp%2Fv2%2Fcategories&post=51579"},{"taxonomy":"post_tag","embeddable":true,"href":"https:\/\/fmdelpueblo.ar\/index.php?rest_route=%2Fwp%2Fv2%2Ftags&post=51579"}],"curies":[{"name":"wp","href":"https:\/\/api.w.org\/{rel}","templated":true}]}}