{"id":51577,"date":"2026-09-04T20:08:57","date_gmt":"2026-09-04T23:08:57","guid":{"rendered":"http:\/\/fmdelpueblo.ar\/?p=51577"},"modified":"2026-09-04T20:08:57","modified_gmt":"2026-09-04T23:08:57","slug":"creditos-hipotecarios-arranca-el-programa-del-gobierno-para-darle-fondeo-a-los-bancos","status":"publish","type":"post","link":"https:\/\/fmdelpueblo.ar\/?p=51577","title":{"rendered":"Cr\u00e9ditos hipotecarios: arranca el programa del Gobierno para darle \u00abfondeo\u00bb a los bancos"},"content":{"rendered":"<p>El lunes se realizar\u00e1 la primera licitaci\u00f3n entre el FGS de Anses con entidades financieras. Los bancos pulsear\u00e1n por $200.000 millones en plazos fijos de hasta 5 a\u00f1os. Los pr\u00e9stamos a familias comenzar\u00e1n a ofrecerse desde noviembre. <\/p>","protected":false},"excerpt":{"rendered":"<p>El lunes se realizar\u00e1 la primera licitaci\u00f3n entre el FGS de Anses con entidades financieras. Los bancos pulsear\u00e1n por $200.000 millones en plazos fijos de hasta 5 a\u00f1os. Los pr\u00e9stamos a familias comenzar\u00e1n a ofrecerse desde noviembre.<\/p>\n","protected":false},"author":0,"featured_media":0,"comment_status":"","ping_status":"","sticky":false,"template":"","format":"standard","meta":{"footnotes":""},"categories":[1],"tags":[],"class_list":["post-51577","post","type-post","status-publish","format-standard","has-post-thumbnail","hentry","category-sin-categoria"],"_links":{"self":[{"href":"https:\/\/fmdelpueblo.ar\/index.php?rest_route=\/wp\/v2\/posts\/51577","targetHints":{"allow":["GET"]}}],"collection":[{"href":"https:\/\/fmdelpueblo.ar\/index.php?rest_route=\/wp\/v2\/posts"}],"about":[{"href":"https:\/\/fmdelpueblo.ar\/index.php?rest_route=\/wp\/v2\/types\/post"}],"replies":[{"embeddable":true,"href":"https:\/\/fmdelpueblo.ar\/index.php?rest_route=%2Fwp%2Fv2%2Fcomments&post=51577"}],"version-history":[{"count":0,"href":"https:\/\/fmdelpueblo.ar\/index.php?rest_route=\/wp\/v2\/posts\/51577\/revisions"}],"wp:attachment":[{"href":"https:\/\/fmdelpueblo.ar\/index.php?rest_route=%2Fwp%2Fv2%2Fmedia&parent=51577"}],"wp:term":[{"taxonomy":"category","embeddable":true,"href":"https:\/\/fmdelpueblo.ar\/index.php?rest_route=%2Fwp%2Fv2%2Fcategories&post=51577"},{"taxonomy":"post_tag","embeddable":true,"href":"https:\/\/fmdelpueblo.ar\/index.php?rest_route=%2Fwp%2Fv2%2Ftags&post=51577"}],"curies":[{"name":"wp","href":"https:\/\/api.w.org\/{rel}","templated":true}]}}