{"id":51576,"date":"2026-09-04T20:08:57","date_gmt":"2026-09-04T23:08:57","guid":{"rendered":"http:\/\/fmdelpueblo.ar\/?p=51576"},"modified":"2026-09-04T20:08:57","modified_gmt":"2026-09-04T23:08:57","slug":"fin-del-tps-el-uscis-publica-actualizaciones-sobre-la-validez-del-permiso-de-trabajo-ead-para-dos-paises","status":"publish","type":"post","link":"https:\/\/fmdelpueblo.ar\/?p=51576","title":{"rendered":"Fin del TPS: el USCIS publica actualizaciones sobre la validez del permiso de trabajo EAD para dos pa\u00edses"},"content":{"rendered":"<p>Se modific\u00f3 la normativa luego de que la Corte Suprema habilitara la finalizaci\u00f3n del estatus de protecci\u00f3n temporal (TPS).Las decisiones afectan a much\u00edsimos inmigrantes que pod\u00edan trabajar y vivir en USA.<\/p>","protected":false},"excerpt":{"rendered":"<p>Se modific\u00f3 la normativa luego de que la Corte Suprema habilitara la finalizaci\u00f3n del estatus de protecci\u00f3n temporal (TPS).Las decisiones afectan a much\u00edsimos inmigrantes que pod\u00edan trabajar y vivir en USA.<\/p>\n","protected":false},"author":0,"featured_media":0,"comment_status":"","ping_status":"","sticky":false,"template":"","format":"standard","meta":{"footnotes":""},"categories":[1],"tags":[],"class_list":["post-51576","post","type-post","status-publish","format-standard","has-post-thumbnail","hentry","category-sin-categoria"],"_links":{"self":[{"href":"https:\/\/fmdelpueblo.ar\/index.php?rest_route=\/wp\/v2\/posts\/51576","targetHints":{"allow":["GET"]}}],"collection":[{"href":"https:\/\/fmdelpueblo.ar\/index.php?rest_route=\/wp\/v2\/posts"}],"about":[{"href":"https:\/\/fmdelpueblo.ar\/index.php?rest_route=\/wp\/v2\/types\/post"}],"replies":[{"embeddable":true,"href":"https:\/\/fmdelpueblo.ar\/index.php?rest_route=%2Fwp%2Fv2%2Fcomments&post=51576"}],"version-history":[{"count":0,"href":"https:\/\/fmdelpueblo.ar\/index.php?rest_route=\/wp\/v2\/posts\/51576\/revisions"}],"wp:attachment":[{"href":"https:\/\/fmdelpueblo.ar\/index.php?rest_route=%2Fwp%2Fv2%2Fmedia&parent=51576"}],"wp:term":[{"taxonomy":"category","embeddable":true,"href":"https:\/\/fmdelpueblo.ar\/index.php?rest_route=%2Fwp%2Fv2%2Fcategories&post=51576"},{"taxonomy":"post_tag","embeddable":true,"href":"https:\/\/fmdelpueblo.ar\/index.php?rest_route=%2Fwp%2Fv2%2Ftags&post=51576"}],"curies":[{"name":"wp","href":"https:\/\/api.w.org\/{rel}","templated":true}]}}