{"id":51575,"date":"2026-09-04T20:08:56","date_gmt":"2026-09-04T23:08:56","guid":{"rendered":"http:\/\/fmdelpueblo.ar\/?p=51575"},"modified":"2026-09-04T20:08:56","modified_gmt":"2026-09-04T23:08:56","slug":"delcy-rodriguez-dice-que-la-venezuela-petrolera-ayudara-a-equilibrar-la-economia-mundial","status":"publish","type":"post","link":"https:\/\/fmdelpueblo.ar\/?p=51575","title":{"rendered":"Delcy Rodr\u00edguez dice que la Venezuela petrolera ayudar\u00e1 a equilibrar la econom\u00eda mundial"},"content":{"rendered":"<p>Venezuela firma acuerdos para potenciar su producci\u00f3n petrolera, incluyendo un pacto hist\u00f3rico con EE.UU. que busca estabilizar la econom\u00eda global.Rodr\u00edguez destaca la colaboraci\u00f3n internacional y agradece a Trump por fomentar relaciones energ\u00e9ticas, mientras enfrenta cr\u00edticas opositoras sobre legitimidad.<\/p>","protected":false},"excerpt":{"rendered":"<p>Venezuela firma acuerdos para potenciar su producci\u00f3n petrolera, incluyendo un pacto hist\u00f3rico con EE.UU. que busca estabilizar la econom\u00eda global.Rodr\u00edguez destaca la colaboraci\u00f3n internacional y agradece a Trump por fomentar relaciones energ\u00e9ticas, mientras enfrenta cr\u00edticas opositoras sobre legitimidad.<\/p>\n","protected":false},"author":0,"featured_media":0,"comment_status":"","ping_status":"","sticky":false,"template":"","format":"standard","meta":{"footnotes":""},"categories":[1],"tags":[],"class_list":["post-51575","post","type-post","status-publish","format-standard","has-post-thumbnail","hentry","category-sin-categoria"],"_links":{"self":[{"href":"https:\/\/fmdelpueblo.ar\/index.php?rest_route=\/wp\/v2\/posts\/51575","targetHints":{"allow":["GET"]}}],"collection":[{"href":"https:\/\/fmdelpueblo.ar\/index.php?rest_route=\/wp\/v2\/posts"}],"about":[{"href":"https:\/\/fmdelpueblo.ar\/index.php?rest_route=\/wp\/v2\/types\/post"}],"replies":[{"embeddable":true,"href":"https:\/\/fmdelpueblo.ar\/index.php?rest_route=%2Fwp%2Fv2%2Fcomments&post=51575"}],"version-history":[{"count":0,"href":"https:\/\/fmdelpueblo.ar\/index.php?rest_route=\/wp\/v2\/posts\/51575\/revisions"}],"wp:attachment":[{"href":"https:\/\/fmdelpueblo.ar\/index.php?rest_route=%2Fwp%2Fv2%2Fmedia&parent=51575"}],"wp:term":[{"taxonomy":"category","embeddable":true,"href":"https:\/\/fmdelpueblo.ar\/index.php?rest_route=%2Fwp%2Fv2%2Fcategories&post=51575"},{"taxonomy":"post_tag","embeddable":true,"href":"https:\/\/fmdelpueblo.ar\/index.php?rest_route=%2Fwp%2Fv2%2Ftags&post=51575"}],"curies":[{"name":"wp","href":"https:\/\/api.w.org\/{rel}","templated":true}]}}