{"id":51574,"date":"2026-09-04T20:08:55","date_gmt":"2026-09-04T23:08:55","guid":{"rendered":"http:\/\/fmdelpueblo.ar\/?p=51574"},"modified":"2026-09-04T20:08:55","modified_gmt":"2026-09-04T23:08:55","slug":"delcy-rodriguez-denuncia-sabotaje-al-sistema-electrico-en-protesta-por-acuerdos-petroleros","status":"publish","type":"post","link":"https:\/\/fmdelpueblo.ar\/?p=51574","title":{"rendered":"Delcy Rodr\u00edguez denuncia sabotaje al sistema el\u00e9ctrico en protesta por acuerdos petroleros"},"content":{"rendered":"<p>La l\u00edder venezolana denunci\u00f3 sabotajes al sistema el\u00e9ctrico, vincul\u00e1ndolos a protestas por acuerdos petroleros recientes con EE.UU. Rodr\u00edguez se\u00f1al\u00f3 fallas el\u00e9ctricas como parte de un complot, mientras expertos culpan a la corrupci\u00f3n y falta de mantenimiento.<\/p>","protected":false},"excerpt":{"rendered":"<p>La l\u00edder venezolana denunci\u00f3 sabotajes al sistema el\u00e9ctrico, vincul\u00e1ndolos a protestas por acuerdos petroleros recientes con EE.UU. Rodr\u00edguez se\u00f1al\u00f3 fallas el\u00e9ctricas como parte de un complot, mientras expertos culpan a la corrupci\u00f3n y falta de mantenimiento.<\/p>\n","protected":false},"author":0,"featured_media":0,"comment_status":"","ping_status":"","sticky":false,"template":"","format":"standard","meta":{"footnotes":""},"categories":[1],"tags":[],"class_list":["post-51574","post","type-post","status-publish","format-standard","has-post-thumbnail","hentry","category-sin-categoria"],"_links":{"self":[{"href":"https:\/\/fmdelpueblo.ar\/index.php?rest_route=\/wp\/v2\/posts\/51574","targetHints":{"allow":["GET"]}}],"collection":[{"href":"https:\/\/fmdelpueblo.ar\/index.php?rest_route=\/wp\/v2\/posts"}],"about":[{"href":"https:\/\/fmdelpueblo.ar\/index.php?rest_route=\/wp\/v2\/types\/post"}],"replies":[{"embeddable":true,"href":"https:\/\/fmdelpueblo.ar\/index.php?rest_route=%2Fwp%2Fv2%2Fcomments&post=51574"}],"version-history":[{"count":0,"href":"https:\/\/fmdelpueblo.ar\/index.php?rest_route=\/wp\/v2\/posts\/51574\/revisions"}],"wp:attachment":[{"href":"https:\/\/fmdelpueblo.ar\/index.php?rest_route=%2Fwp%2Fv2%2Fmedia&parent=51574"}],"wp:term":[{"taxonomy":"category","embeddable":true,"href":"https:\/\/fmdelpueblo.ar\/index.php?rest_route=%2Fwp%2Fv2%2Fcategories&post=51574"},{"taxonomy":"post_tag","embeddable":true,"href":"https:\/\/fmdelpueblo.ar\/index.php?rest_route=%2Fwp%2Fv2%2Ftags&post=51574"}],"curies":[{"name":"wp","href":"https:\/\/api.w.org\/{rel}","templated":true}]}}