{"id":51548,"date":"2026-09-04T17:09:07","date_gmt":"2026-09-04T20:09:07","guid":{"rendered":"https:\/\/fmdelpueblo.ar\/?p=51548"},"modified":"2026-09-04T17:09:07","modified_gmt":"2026-09-04T20:09:07","slug":"quien-es-joaquin-orlando-el-hombre-que-ocupara-en-la-seleccion-argentina-el-lugar-que-dejo-omar-souto","status":"publish","type":"post","link":"https:\/\/fmdelpueblo.ar\/?p=51548","title":{"rendered":"Qui\u00e9n es Joaqu\u00edn Orlando, el hombre que ocupar\u00e1 en la Selecci\u00f3n Argentina el lugar que dej\u00f3 Omar Souto"},"content":{"rendered":"<p>La AFA nombr\u00f3 al nuevo gerente de Selecciones Nacionales, con experiencia en las giras de la Albiceleste, las pretemporadas de River y Boca y la organizaci\u00f3n de la Copa Argentina.Adem\u00e1s, Claudio \u201cChiqui\u201d Tapia design\u00f3 a Diego Hern\u00e1n Bertuccelli como su vocero y asesor de comunicaci\u00f3n.<\/p>","protected":false},"excerpt":{"rendered":"<p>La AFA nombr\u00f3 al nuevo gerente de Selecciones Nacionales, con experiencia en las giras de la Albiceleste, las pretemporadas de River y Boca y la organizaci\u00f3n de la Copa Argentina.Adem\u00e1s, Claudio \u201cChiqui\u201d Tapia design\u00f3 a Diego Hern\u00e1n Bertuccelli como su vocero y asesor de comunicaci\u00f3n.<\/p>\n","protected":false},"author":0,"featured_media":0,"comment_status":"","ping_status":"","sticky":false,"template":"","format":"standard","meta":{"footnotes":""},"categories":[1],"tags":[],"class_list":["post-51548","post","type-post","status-publish","format-standard","has-post-thumbnail","hentry","category-sin-categoria"],"_links":{"self":[{"href":"https:\/\/fmdelpueblo.ar\/index.php?rest_route=\/wp\/v2\/posts\/51548","targetHints":{"allow":["GET"]}}],"collection":[{"href":"https:\/\/fmdelpueblo.ar\/index.php?rest_route=\/wp\/v2\/posts"}],"about":[{"href":"https:\/\/fmdelpueblo.ar\/index.php?rest_route=\/wp\/v2\/types\/post"}],"replies":[{"embeddable":true,"href":"https:\/\/fmdelpueblo.ar\/index.php?rest_route=%2Fwp%2Fv2%2Fcomments&post=51548"}],"version-history":[{"count":0,"href":"https:\/\/fmdelpueblo.ar\/index.php?rest_route=\/wp\/v2\/posts\/51548\/revisions"}],"wp:attachment":[{"href":"https:\/\/fmdelpueblo.ar\/index.php?rest_route=%2Fwp%2Fv2%2Fmedia&parent=51548"}],"wp:term":[{"taxonomy":"category","embeddable":true,"href":"https:\/\/fmdelpueblo.ar\/index.php?rest_route=%2Fwp%2Fv2%2Fcategories&post=51548"},{"taxonomy":"post_tag","embeddable":true,"href":"https:\/\/fmdelpueblo.ar\/index.php?rest_route=%2Fwp%2Fv2%2Ftags&post=51548"}],"curies":[{"name":"wp","href":"https:\/\/api.w.org\/{rel}","templated":true}]}}