{"id":51545,"date":"2026-09-04T17:09:04","date_gmt":"2026-09-04T20:09:04","guid":{"rendered":"https:\/\/fmdelpueblo.ar\/?p=51545"},"modified":"2026-09-04T17:09:04","modified_gmt":"2026-09-04T20:09:04","slug":"juez-declara-nulo-el-juicio-contra-mujer-de-eeuu-que-mato-a-sus-hijos","status":"publish","type":"post","link":"https:\/\/fmdelpueblo.ar\/?p=51545","title":{"rendered":"Juez declara nulo el juicio contra mujer de EEUU que mat\u00f3 a sus hijos"},"content":{"rendered":"<p>El juicio a una madre que mat\u00f3 a sus tres hijos fue anulado tras no lograr consenso en el jurado, destacando el debate sobre salud mental materna.La defensa argument\u00f3 psicosis posparto, mientras la fiscal\u00eda aleg\u00f3 premeditaci\u00f3n. Clancy sigue encarcelada a la espera de una posible nueva audiencia.<\/p>","protected":false},"excerpt":{"rendered":"<p>El juicio a una madre que mat\u00f3 a sus tres hijos fue anulado tras no lograr consenso en el jurado, destacando el debate sobre salud mental materna.La defensa argument\u00f3 psicosis posparto, mientras la fiscal\u00eda aleg\u00f3 premeditaci\u00f3n. Clancy sigue encarcelada a la espera de una posible nueva audiencia.<\/p>\n","protected":false},"author":0,"featured_media":0,"comment_status":"","ping_status":"","sticky":false,"template":"","format":"standard","meta":{"footnotes":""},"categories":[1],"tags":[],"class_list":["post-51545","post","type-post","status-publish","format-standard","has-post-thumbnail","hentry","category-sin-categoria"],"_links":{"self":[{"href":"https:\/\/fmdelpueblo.ar\/index.php?rest_route=\/wp\/v2\/posts\/51545","targetHints":{"allow":["GET"]}}],"collection":[{"href":"https:\/\/fmdelpueblo.ar\/index.php?rest_route=\/wp\/v2\/posts"}],"about":[{"href":"https:\/\/fmdelpueblo.ar\/index.php?rest_route=\/wp\/v2\/types\/post"}],"replies":[{"embeddable":true,"href":"https:\/\/fmdelpueblo.ar\/index.php?rest_route=%2Fwp%2Fv2%2Fcomments&post=51545"}],"version-history":[{"count":0,"href":"https:\/\/fmdelpueblo.ar\/index.php?rest_route=\/wp\/v2\/posts\/51545\/revisions"}],"wp:attachment":[{"href":"https:\/\/fmdelpueblo.ar\/index.php?rest_route=%2Fwp%2Fv2%2Fmedia&parent=51545"}],"wp:term":[{"taxonomy":"category","embeddable":true,"href":"https:\/\/fmdelpueblo.ar\/index.php?rest_route=%2Fwp%2Fv2%2Fcategories&post=51545"},{"taxonomy":"post_tag","embeddable":true,"href":"https:\/\/fmdelpueblo.ar\/index.php?rest_route=%2Fwp%2Fv2%2Ftags&post=51545"}],"curies":[{"name":"wp","href":"https:\/\/api.w.org\/{rel}","templated":true}]}}