{"id":51542,"date":"2026-09-04T16:09:05","date_gmt":"2026-09-04T19:09:05","guid":{"rendered":"http:\/\/fmdelpueblo.ar\/?p=51542"},"modified":"2026-09-04T16:09:05","modified_gmt":"2026-09-04T19:09:05","slug":"se-dispara-precio-de-diesel-en-eeuu-elevando-costos-de-transporte-para-larga-lista-de-productos","status":"publish","type":"post","link":"https:\/\/fmdelpueblo.ar\/?p=51542","title":{"rendered":"Se dispara precio de di\u00e9sel en EEUU, elevando costos de transporte para larga lista de productos"},"content":{"rendered":"<p>El alza del di\u00e9sel en EE.UU. a 5,85 d\u00f3lares por gal\u00f3n afecta el transporte y encarece productos b\u00e1sicos. La guerra con Ir\u00e1n agrava la crisis energ\u00e9tica.Empresas trasladan costos a consumidores, elevando precios de alimentos y bienes. La situaci\u00f3n complica el panorama pol\u00edtico de cara a elecciones.<\/p>","protected":false},"excerpt":{"rendered":"<p>El alza del di\u00e9sel en EE.UU. a 5,85 d\u00f3lares por gal\u00f3n afecta el transporte y encarece productos b\u00e1sicos. La guerra con Ir\u00e1n agrava la crisis energ\u00e9tica.Empresas trasladan costos a consumidores, elevando precios de alimentos y bienes. La situaci\u00f3n complica el panorama pol\u00edtico de cara a elecciones.<\/p>\n","protected":false},"author":0,"featured_media":0,"comment_status":"","ping_status":"","sticky":false,"template":"","format":"standard","meta":{"footnotes":""},"categories":[1],"tags":[],"class_list":["post-51542","post","type-post","status-publish","format-standard","has-post-thumbnail","hentry","category-sin-categoria"],"_links":{"self":[{"href":"https:\/\/fmdelpueblo.ar\/index.php?rest_route=\/wp\/v2\/posts\/51542","targetHints":{"allow":["GET"]}}],"collection":[{"href":"https:\/\/fmdelpueblo.ar\/index.php?rest_route=\/wp\/v2\/posts"}],"about":[{"href":"https:\/\/fmdelpueblo.ar\/index.php?rest_route=\/wp\/v2\/types\/post"}],"replies":[{"embeddable":true,"href":"https:\/\/fmdelpueblo.ar\/index.php?rest_route=%2Fwp%2Fv2%2Fcomments&post=51542"}],"version-history":[{"count":0,"href":"https:\/\/fmdelpueblo.ar\/index.php?rest_route=\/wp\/v2\/posts\/51542\/revisions"}],"wp:attachment":[{"href":"https:\/\/fmdelpueblo.ar\/index.php?rest_route=%2Fwp%2Fv2%2Fmedia&parent=51542"}],"wp:term":[{"taxonomy":"category","embeddable":true,"href":"https:\/\/fmdelpueblo.ar\/index.php?rest_route=%2Fwp%2Fv2%2Fcategories&post=51542"},{"taxonomy":"post_tag","embeddable":true,"href":"https:\/\/fmdelpueblo.ar\/index.php?rest_route=%2Fwp%2Fv2%2Ftags&post=51542"}],"curies":[{"name":"wp","href":"https:\/\/api.w.org\/{rel}","templated":true}]}}