{"id":51541,"date":"2026-09-04T16:09:05","date_gmt":"2026-09-04T19:09:05","guid":{"rendered":"http:\/\/fmdelpueblo.ar\/?p=51541"},"modified":"2026-09-04T16:09:05","modified_gmt":"2026-09-04T19:09:05","slug":"iker-joven-autosuficiente-de-22-anos-en-la-ciudad-damos-por-hecho-que-siempre-habra-luz-y-agua-pero-aqui-tengo-que-conseguirlas-por-mi-mismo-no-tengo-red-electrica-ni-canerias","status":"publish","type":"post","link":"https:\/\/fmdelpueblo.ar\/?p=51541","title":{"rendered":"Iker, joven autosuficiente de 22 a\u00f1os: \u00abEn la ciudad damos por hecho que siempre habr\u00e1 luz y agua, pero aqu\u00ed tengo que conseguirlas por m\u00ed mismo: no tengo red el\u00e9ctrica ni ca\u00f1er\u00edas\u00bb"},"content":{"rendered":"<p>En solo diez meses, el joven construy\u00f3 una vida autosuficiente en la monta\u00f1a.<\/p>","protected":false},"excerpt":{"rendered":"<p>En solo diez meses, el joven construy\u00f3 una vida autosuficiente en la monta\u00f1a.<\/p>\n","protected":false},"author":0,"featured_media":0,"comment_status":"","ping_status":"","sticky":false,"template":"","format":"standard","meta":{"footnotes":""},"categories":[1],"tags":[],"class_list":["post-51541","post","type-post","status-publish","format-standard","has-post-thumbnail","hentry","category-sin-categoria"],"_links":{"self":[{"href":"https:\/\/fmdelpueblo.ar\/index.php?rest_route=\/wp\/v2\/posts\/51541","targetHints":{"allow":["GET"]}}],"collection":[{"href":"https:\/\/fmdelpueblo.ar\/index.php?rest_route=\/wp\/v2\/posts"}],"about":[{"href":"https:\/\/fmdelpueblo.ar\/index.php?rest_route=\/wp\/v2\/types\/post"}],"replies":[{"embeddable":true,"href":"https:\/\/fmdelpueblo.ar\/index.php?rest_route=%2Fwp%2Fv2%2Fcomments&post=51541"}],"version-history":[{"count":0,"href":"https:\/\/fmdelpueblo.ar\/index.php?rest_route=\/wp\/v2\/posts\/51541\/revisions"}],"wp:attachment":[{"href":"https:\/\/fmdelpueblo.ar\/index.php?rest_route=%2Fwp%2Fv2%2Fmedia&parent=51541"}],"wp:term":[{"taxonomy":"category","embeddable":true,"href":"https:\/\/fmdelpueblo.ar\/index.php?rest_route=%2Fwp%2Fv2%2Fcategories&post=51541"},{"taxonomy":"post_tag","embeddable":true,"href":"https:\/\/fmdelpueblo.ar\/index.php?rest_route=%2Fwp%2Fv2%2Ftags&post=51541"}],"curies":[{"name":"wp","href":"https:\/\/api.w.org\/{rel}","templated":true}]}}