{"id":51539,"date":"2026-09-04T16:09:03","date_gmt":"2026-09-04T19:09:03","guid":{"rendered":"http:\/\/fmdelpueblo.ar\/?p=51539"},"modified":"2026-09-04T16:09:03","modified_gmt":"2026-09-04T19:09:03","slug":"paro-en-los-aeropuertos-ate-amenaza-con-retomar-medidas-de-fuerza-el-lunes-si-el-gobierno-no-los-convoca-a-una-audiencia","status":"publish","type":"post","link":"https:\/\/fmdelpueblo.ar\/?p=51539","title":{"rendered":"Paro en los aeropuertos: ATE amenaza con retomar medidas de fuerza el lunes si el Gobierno no los convoca a una audiencia"},"content":{"rendered":"<p>La protesta hab\u00eda sido suspendida a la espera de un llamado oficial.El gremio reclama discutir el criterio de \u00abesencialidad\u00bb que modific\u00f3 la reforma laboral y mantiene sus reclamos salariales.Qu\u00e9 pasar\u00eda con los vuelos en caso de huelga. <\/p>","protected":false},"excerpt":{"rendered":"<p>La protesta hab\u00eda sido suspendida a la espera de un llamado oficial.El gremio reclama discutir el criterio de \u00abesencialidad\u00bb que modific\u00f3 la reforma laboral y mantiene sus reclamos salariales.Qu\u00e9 pasar\u00eda con los vuelos en caso de huelga.<\/p>\n","protected":false},"author":0,"featured_media":0,"comment_status":"","ping_status":"","sticky":false,"template":"","format":"standard","meta":{"footnotes":""},"categories":[1],"tags":[],"class_list":["post-51539","post","type-post","status-publish","format-standard","has-post-thumbnail","hentry","category-sin-categoria"],"_links":{"self":[{"href":"https:\/\/fmdelpueblo.ar\/index.php?rest_route=\/wp\/v2\/posts\/51539","targetHints":{"allow":["GET"]}}],"collection":[{"href":"https:\/\/fmdelpueblo.ar\/index.php?rest_route=\/wp\/v2\/posts"}],"about":[{"href":"https:\/\/fmdelpueblo.ar\/index.php?rest_route=\/wp\/v2\/types\/post"}],"replies":[{"embeddable":true,"href":"https:\/\/fmdelpueblo.ar\/index.php?rest_route=%2Fwp%2Fv2%2Fcomments&post=51539"}],"version-history":[{"count":0,"href":"https:\/\/fmdelpueblo.ar\/index.php?rest_route=\/wp\/v2\/posts\/51539\/revisions"}],"wp:attachment":[{"href":"https:\/\/fmdelpueblo.ar\/index.php?rest_route=%2Fwp%2Fv2%2Fmedia&parent=51539"}],"wp:term":[{"taxonomy":"category","embeddable":true,"href":"https:\/\/fmdelpueblo.ar\/index.php?rest_route=%2Fwp%2Fv2%2Fcategories&post=51539"},{"taxonomy":"post_tag","embeddable":true,"href":"https:\/\/fmdelpueblo.ar\/index.php?rest_route=%2Fwp%2Fv2%2Ftags&post=51539"}],"curies":[{"name":"wp","href":"https:\/\/api.w.org\/{rel}","templated":true}]}}