{"id":51538,"date":"2026-09-04T16:09:02","date_gmt":"2026-09-04T19:09:02","guid":{"rendered":"http:\/\/fmdelpueblo.ar\/?p=51538"},"modified":"2026-09-04T16:09:02","modified_gmt":"2026-09-04T19:09:02","slug":"la-reflexion-de-carl-jung-fundador-de-la-psicologia-analitica-la-soledad-no-proviene-de-no-tener-gente-alrededor-sino-de-ser-incapaz-de-comunicar-las-cosas-importantes","status":"publish","type":"post","link":"https:\/\/fmdelpueblo.ar\/?p=51538","title":{"rendered":"La reflexi\u00f3n de Carl Jung, fundador de la psicolog\u00eda anal\u00edtica: \u201cLa soledad no proviene de no tener gente alrededor, sino de ser incapaz de comunicar las cosas importantes\u201d"},"content":{"rendered":"<p>Para el psic\u00f3logo suizo, estar acompa\u00f1ado no siempre evita sentirse solo. La frase aparece en una de sus obras autobiogr\u00e1ficas.<\/p>","protected":false},"excerpt":{"rendered":"<p>Para el psic\u00f3logo suizo, estar acompa\u00f1ado no siempre evita sentirse solo. La frase aparece en una de sus obras autobiogr\u00e1ficas.<\/p>\n","protected":false},"author":0,"featured_media":0,"comment_status":"","ping_status":"","sticky":false,"template":"","format":"standard","meta":{"footnotes":""},"categories":[1],"tags":[],"class_list":["post-51538","post","type-post","status-publish","format-standard","has-post-thumbnail","hentry","category-sin-categoria"],"_links":{"self":[{"href":"https:\/\/fmdelpueblo.ar\/index.php?rest_route=\/wp\/v2\/posts\/51538","targetHints":{"allow":["GET"]}}],"collection":[{"href":"https:\/\/fmdelpueblo.ar\/index.php?rest_route=\/wp\/v2\/posts"}],"about":[{"href":"https:\/\/fmdelpueblo.ar\/index.php?rest_route=\/wp\/v2\/types\/post"}],"replies":[{"embeddable":true,"href":"https:\/\/fmdelpueblo.ar\/index.php?rest_route=%2Fwp%2Fv2%2Fcomments&post=51538"}],"version-history":[{"count":0,"href":"https:\/\/fmdelpueblo.ar\/index.php?rest_route=\/wp\/v2\/posts\/51538\/revisions"}],"wp:attachment":[{"href":"https:\/\/fmdelpueblo.ar\/index.php?rest_route=%2Fwp%2Fv2%2Fmedia&parent=51538"}],"wp:term":[{"taxonomy":"category","embeddable":true,"href":"https:\/\/fmdelpueblo.ar\/index.php?rest_route=%2Fwp%2Fv2%2Fcategories&post=51538"},{"taxonomy":"post_tag","embeddable":true,"href":"https:\/\/fmdelpueblo.ar\/index.php?rest_route=%2Fwp%2Fv2%2Ftags&post=51538"}],"curies":[{"name":"wp","href":"https:\/\/api.w.org\/{rel}","templated":true}]}}