{"id":51537,"date":"2026-09-04T16:09:01","date_gmt":"2026-09-04T19:09:01","guid":{"rendered":"http:\/\/fmdelpueblo.ar\/?p=51537"},"modified":"2026-09-04T16:09:01","modified_gmt":"2026-09-04T19:09:01","slug":"trump-se-reunira-con-presidenta-y-primer-ministro-de-irlanda-la-proxima-semana-en-dublin","status":"publish","type":"post","link":"https:\/\/fmdelpueblo.ar\/?p=51537","title":{"rendered":"Trump se reunir\u00e1 con presidenta y primer ministro de Irlanda la pr\u00f3xima semana en Dubl\u00edn"},"content":{"rendered":"<p>El mandatario estadounidense se reunir\u00e1 en Dubl\u00edn con l\u00edderes irlandeses, en una visita que incluye encuentros diplom\u00e1ticos y eventos deportivos.Connolly, cr\u00edtica de Trump, afrontar\u00e1 su primer reto diplom\u00e1tico en la cita, que coincide con el torneo de golf en Doonbeg.<\/p>","protected":false},"excerpt":{"rendered":"<p>El mandatario estadounidense se reunir\u00e1 en Dubl\u00edn con l\u00edderes irlandeses, en una visita que incluye encuentros diplom\u00e1ticos y eventos deportivos.Connolly, cr\u00edtica de Trump, afrontar\u00e1 su primer reto diplom\u00e1tico en la cita, que coincide con el torneo de golf en Doonbeg.<\/p>\n","protected":false},"author":0,"featured_media":0,"comment_status":"","ping_status":"","sticky":false,"template":"","format":"standard","meta":{"footnotes":""},"categories":[1],"tags":[],"class_list":["post-51537","post","type-post","status-publish","format-standard","has-post-thumbnail","hentry","category-sin-categoria"],"_links":{"self":[{"href":"https:\/\/fmdelpueblo.ar\/index.php?rest_route=\/wp\/v2\/posts\/51537","targetHints":{"allow":["GET"]}}],"collection":[{"href":"https:\/\/fmdelpueblo.ar\/index.php?rest_route=\/wp\/v2\/posts"}],"about":[{"href":"https:\/\/fmdelpueblo.ar\/index.php?rest_route=\/wp\/v2\/types\/post"}],"replies":[{"embeddable":true,"href":"https:\/\/fmdelpueblo.ar\/index.php?rest_route=%2Fwp%2Fv2%2Fcomments&post=51537"}],"version-history":[{"count":0,"href":"https:\/\/fmdelpueblo.ar\/index.php?rest_route=\/wp\/v2\/posts\/51537\/revisions"}],"wp:attachment":[{"href":"https:\/\/fmdelpueblo.ar\/index.php?rest_route=%2Fwp%2Fv2%2Fmedia&parent=51537"}],"wp:term":[{"taxonomy":"category","embeddable":true,"href":"https:\/\/fmdelpueblo.ar\/index.php?rest_route=%2Fwp%2Fv2%2Fcategories&post=51537"},{"taxonomy":"post_tag","embeddable":true,"href":"https:\/\/fmdelpueblo.ar\/index.php?rest_route=%2Fwp%2Fv2%2Ftags&post=51537"}],"curies":[{"name":"wp","href":"https:\/\/api.w.org\/{rel}","templated":true}]}}