{"id":51509,"date":"2026-09-04T12:09:01","date_gmt":"2026-09-04T15:09:01","guid":{"rendered":"http:\/\/fmdelpueblo.ar\/?p=51509"},"modified":"2026-09-04T12:09:01","modified_gmt":"2026-09-04T15:09:01","slug":"pepe-chatruc-hablo-de-su-reencuentro-con-sabrina-rojas-tras-la-separacion-estuvimos-bailando-juntos","status":"publish","type":"post","link":"https:\/\/fmdelpueblo.ar\/?p=51509","title":{"rendered":"Pepe Chatruc habl\u00f3 de su reencuentro con Sabrina Rojas tras la separaci\u00f3n: \u201cEstuvimos bailando juntos\u201d"},"content":{"rendered":"<p>El exfutbolista cont\u00f3 que coincidieron en un boliche porte\u00f1o, donde comieron y tomaron algo. Adem\u00e1s, habl\u00f3 sobre la posibilidad de una reconciliaci\u00f3n.<\/p>","protected":false},"excerpt":{"rendered":"<p>El exfutbolista cont\u00f3 que coincidieron en un boliche porte\u00f1o, donde comieron y tomaron algo. Adem\u00e1s, habl\u00f3 sobre la posibilidad de una reconciliaci\u00f3n.<\/p>\n","protected":false},"author":0,"featured_media":0,"comment_status":"","ping_status":"","sticky":false,"template":"","format":"standard","meta":{"footnotes":""},"categories":[1],"tags":[],"class_list":["post-51509","post","type-post","status-publish","format-standard","has-post-thumbnail","hentry","category-sin-categoria"],"_links":{"self":[{"href":"https:\/\/fmdelpueblo.ar\/index.php?rest_route=\/wp\/v2\/posts\/51509","targetHints":{"allow":["GET"]}}],"collection":[{"href":"https:\/\/fmdelpueblo.ar\/index.php?rest_route=\/wp\/v2\/posts"}],"about":[{"href":"https:\/\/fmdelpueblo.ar\/index.php?rest_route=\/wp\/v2\/types\/post"}],"replies":[{"embeddable":true,"href":"https:\/\/fmdelpueblo.ar\/index.php?rest_route=%2Fwp%2Fv2%2Fcomments&post=51509"}],"version-history":[{"count":0,"href":"https:\/\/fmdelpueblo.ar\/index.php?rest_route=\/wp\/v2\/posts\/51509\/revisions"}],"wp:attachment":[{"href":"https:\/\/fmdelpueblo.ar\/index.php?rest_route=%2Fwp%2Fv2%2Fmedia&parent=51509"}],"wp:term":[{"taxonomy":"category","embeddable":true,"href":"https:\/\/fmdelpueblo.ar\/index.php?rest_route=%2Fwp%2Fv2%2Fcategories&post=51509"},{"taxonomy":"post_tag","embeddable":true,"href":"https:\/\/fmdelpueblo.ar\/index.php?rest_route=%2Fwp%2Fv2%2Ftags&post=51509"}],"curies":[{"name":"wp","href":"https:\/\/api.w.org\/{rel}","templated":true}]}}