{"id":51507,"date":"2026-09-04T12:08:59","date_gmt":"2026-09-04T15:08:59","guid":{"rendered":"http:\/\/fmdelpueblo.ar\/?p=51507"},"modified":"2026-09-04T12:08:59","modified_gmt":"2026-09-04T15:08:59","slug":"candela-vetrano-revelo-detalles-de-la-despedida-de-soltera-de-lali-esposito-en-rio-de-janeiro-fuimos-a-todos-bares-gays","status":"publish","type":"post","link":"https:\/\/fmdelpueblo.ar\/?p=51507","title":{"rendered":"Candela Vetrano revel\u00f3 detalles de la despedida de soltera de Lali Esp\u00f3sito en R\u00edo de Janeiro: \u00abFuimos a todos bares gays\u00bb"},"content":{"rendered":"<p>La actriz e \u00edntima amiga de la cantante fue una de las organizadoras de la escapada.D\u00edas atr\u00e1s, Lali hab\u00eda compartido varias postales del viaje en redes sociales.<\/p>","protected":false},"excerpt":{"rendered":"<p>La actriz e \u00edntima amiga de la cantante fue una de las organizadoras de la escapada.D\u00edas atr\u00e1s, Lali hab\u00eda compartido varias postales del viaje en redes sociales.<\/p>\n","protected":false},"author":0,"featured_media":0,"comment_status":"","ping_status":"","sticky":false,"template":"","format":"standard","meta":{"footnotes":""},"categories":[1],"tags":[],"class_list":["post-51507","post","type-post","status-publish","format-standard","has-post-thumbnail","hentry","category-sin-categoria"],"_links":{"self":[{"href":"https:\/\/fmdelpueblo.ar\/index.php?rest_route=\/wp\/v2\/posts\/51507","targetHints":{"allow":["GET"]}}],"collection":[{"href":"https:\/\/fmdelpueblo.ar\/index.php?rest_route=\/wp\/v2\/posts"}],"about":[{"href":"https:\/\/fmdelpueblo.ar\/index.php?rest_route=\/wp\/v2\/types\/post"}],"replies":[{"embeddable":true,"href":"https:\/\/fmdelpueblo.ar\/index.php?rest_route=%2Fwp%2Fv2%2Fcomments&post=51507"}],"version-history":[{"count":0,"href":"https:\/\/fmdelpueblo.ar\/index.php?rest_route=\/wp\/v2\/posts\/51507\/revisions"}],"wp:attachment":[{"href":"https:\/\/fmdelpueblo.ar\/index.php?rest_route=%2Fwp%2Fv2%2Fmedia&parent=51507"}],"wp:term":[{"taxonomy":"category","embeddable":true,"href":"https:\/\/fmdelpueblo.ar\/index.php?rest_route=%2Fwp%2Fv2%2Fcategories&post=51507"},{"taxonomy":"post_tag","embeddable":true,"href":"https:\/\/fmdelpueblo.ar\/index.php?rest_route=%2Fwp%2Fv2%2Ftags&post=51507"}],"curies":[{"name":"wp","href":"https:\/\/api.w.org\/{rel}","templated":true}]}}