{"id":51459,"date":"2026-09-04T07:09:17","date_gmt":"2026-09-04T10:09:17","guid":{"rendered":"https:\/\/fmdelpueblo.ar\/?p=51459"},"modified":"2026-09-04T07:09:17","modified_gmt":"2026-09-04T10:09:17","slug":"advierten-por-un-habito-que-sube-el-riesgo-de-que-los-ninos-desarrollen-las-alergias-que-potencio-la-pandemia","status":"publish","type":"post","link":"https:\/\/fmdelpueblo.ar\/?p=51459","title":{"rendered":"Advierten por un h\u00e1bito que sube el riesgo de que los ni\u00f1os desarrollen las alergias que potenci\u00f3 la pandemia"},"content":{"rendered":"<p>Un experto en alergias explica que el distanciamiento social trajo consecuencias.Y a la vez observa que ese modelo as\u00e9ptico de vida en muchos casos sigue hasta hoy.Ofrece pautas para volver a vivir en mayor contacto con la naturaleza a fin de revertirlo.<\/p>","protected":false},"excerpt":{"rendered":"<p>Un experto en alergias explica que el distanciamiento social trajo consecuencias.Y a la vez observa que ese modelo as\u00e9ptico de vida en muchos casos sigue hasta hoy.Ofrece pautas para volver a vivir en mayor contacto con la naturaleza a fin de revertirlo.<\/p>\n","protected":false},"author":0,"featured_media":0,"comment_status":"","ping_status":"","sticky":false,"template":"","format":"standard","meta":{"footnotes":""},"categories":[1],"tags":[],"class_list":["post-51459","post","type-post","status-publish","format-standard","has-post-thumbnail","hentry","category-sin-categoria"],"_links":{"self":[{"href":"https:\/\/fmdelpueblo.ar\/index.php?rest_route=\/wp\/v2\/posts\/51459","targetHints":{"allow":["GET"]}}],"collection":[{"href":"https:\/\/fmdelpueblo.ar\/index.php?rest_route=\/wp\/v2\/posts"}],"about":[{"href":"https:\/\/fmdelpueblo.ar\/index.php?rest_route=\/wp\/v2\/types\/post"}],"replies":[{"embeddable":true,"href":"https:\/\/fmdelpueblo.ar\/index.php?rest_route=%2Fwp%2Fv2%2Fcomments&post=51459"}],"version-history":[{"count":0,"href":"https:\/\/fmdelpueblo.ar\/index.php?rest_route=\/wp\/v2\/posts\/51459\/revisions"}],"wp:attachment":[{"href":"https:\/\/fmdelpueblo.ar\/index.php?rest_route=%2Fwp%2Fv2%2Fmedia&parent=51459"}],"wp:term":[{"taxonomy":"category","embeddable":true,"href":"https:\/\/fmdelpueblo.ar\/index.php?rest_route=%2Fwp%2Fv2%2Fcategories&post=51459"},{"taxonomy":"post_tag","embeddable":true,"href":"https:\/\/fmdelpueblo.ar\/index.php?rest_route=%2Fwp%2Fv2%2Ftags&post=51459"}],"curies":[{"name":"wp","href":"https:\/\/api.w.org\/{rel}","templated":true}]}}