{"id":51458,"date":"2026-09-04T07:09:17","date_gmt":"2026-09-04T10:09:17","guid":{"rendered":"https:\/\/fmdelpueblo.ar\/?p=51458"},"modified":"2026-09-04T07:09:17","modified_gmt":"2026-09-04T10:09:17","slug":"la-industria-automotriz-profundizo-su-caida-en-agosto","status":"publish","type":"post","link":"https:\/\/fmdelpueblo.ar\/?p=51458","title":{"rendered":"La industria automotriz profundiz\u00f3 su ca\u00edda en agosto"},"content":{"rendered":"<p>Seg\u00fan datos de ADEFA, la producci\u00f3n de veh\u00edculos cay\u00f3 11,6% el mes pasado y acumula  -17,1% en el a\u00f1o.La ca\u00edda es por la menor venta de veh\u00edculos locales en las concesionarias.Las exportaciones representaron 62% de la producci\u00f3n y se mantienen estables.<\/p>","protected":false},"excerpt":{"rendered":"<p>Seg\u00fan datos de ADEFA, la producci\u00f3n de veh\u00edculos cay\u00f3 11,6% el mes pasado y acumula -17,1% en el a\u00f1o.La ca\u00edda es por la menor venta de veh\u00edculos locales en las concesionarias.Las exportaciones representaron 62% de la producci\u00f3n y se mantienen estables.<\/p>\n","protected":false},"author":0,"featured_media":0,"comment_status":"","ping_status":"","sticky":false,"template":"","format":"standard","meta":{"footnotes":""},"categories":[1],"tags":[],"class_list":["post-51458","post","type-post","status-publish","format-standard","has-post-thumbnail","hentry","category-sin-categoria"],"_links":{"self":[{"href":"https:\/\/fmdelpueblo.ar\/index.php?rest_route=\/wp\/v2\/posts\/51458","targetHints":{"allow":["GET"]}}],"collection":[{"href":"https:\/\/fmdelpueblo.ar\/index.php?rest_route=\/wp\/v2\/posts"}],"about":[{"href":"https:\/\/fmdelpueblo.ar\/index.php?rest_route=\/wp\/v2\/types\/post"}],"replies":[{"embeddable":true,"href":"https:\/\/fmdelpueblo.ar\/index.php?rest_route=%2Fwp%2Fv2%2Fcomments&post=51458"}],"version-history":[{"count":0,"href":"https:\/\/fmdelpueblo.ar\/index.php?rest_route=\/wp\/v2\/posts\/51458\/revisions"}],"wp:attachment":[{"href":"https:\/\/fmdelpueblo.ar\/index.php?rest_route=%2Fwp%2Fv2%2Fmedia&parent=51458"}],"wp:term":[{"taxonomy":"category","embeddable":true,"href":"https:\/\/fmdelpueblo.ar\/index.php?rest_route=%2Fwp%2Fv2%2Fcategories&post=51458"},{"taxonomy":"post_tag","embeddable":true,"href":"https:\/\/fmdelpueblo.ar\/index.php?rest_route=%2Fwp%2Fv2%2Ftags&post=51458"}],"curies":[{"name":"wp","href":"https:\/\/api.w.org\/{rel}","templated":true}]}}