{"id":51452,"date":"2026-09-04T07:09:13","date_gmt":"2026-09-04T10:09:13","guid":{"rendered":"https:\/\/fmdelpueblo.ar\/?p=51452"},"modified":"2026-09-04T07:09:13","modified_gmt":"2026-09-04T10:09:13","slug":"dia-de-la-secretaria-por-que-se-celebra-el-4-de-septiembre-y-los-mejores-mensajes-para-enviar-hoy","status":"publish","type":"post","link":"https:\/\/fmdelpueblo.ar\/?p=51452","title":{"rendered":"D\u00eda de la Secretaria: por qu\u00e9 se celebra el 4 de septiembre y los mejores mensajes para enviar hoy"},"content":{"rendered":"<p>La jornada reconoce el trabajo de las secretarias y el aporte que realizan a trav\u00e9s de la organizaci\u00f3n, el compromiso y la atenci\u00f3n de cada detalle.<\/p>","protected":false},"excerpt":{"rendered":"<p>La jornada reconoce el trabajo de las secretarias y el aporte que realizan a trav\u00e9s de la organizaci\u00f3n, el compromiso y la atenci\u00f3n de cada detalle.<\/p>\n","protected":false},"author":0,"featured_media":0,"comment_status":"","ping_status":"","sticky":false,"template":"","format":"standard","meta":{"footnotes":""},"categories":[1],"tags":[],"class_list":["post-51452","post","type-post","status-publish","format-standard","has-post-thumbnail","hentry","category-sin-categoria"],"_links":{"self":[{"href":"https:\/\/fmdelpueblo.ar\/index.php?rest_route=\/wp\/v2\/posts\/51452","targetHints":{"allow":["GET"]}}],"collection":[{"href":"https:\/\/fmdelpueblo.ar\/index.php?rest_route=\/wp\/v2\/posts"}],"about":[{"href":"https:\/\/fmdelpueblo.ar\/index.php?rest_route=\/wp\/v2\/types\/post"}],"replies":[{"embeddable":true,"href":"https:\/\/fmdelpueblo.ar\/index.php?rest_route=%2Fwp%2Fv2%2Fcomments&post=51452"}],"version-history":[{"count":0,"href":"https:\/\/fmdelpueblo.ar\/index.php?rest_route=\/wp\/v2\/posts\/51452\/revisions"}],"wp:attachment":[{"href":"https:\/\/fmdelpueblo.ar\/index.php?rest_route=%2Fwp%2Fv2%2Fmedia&parent=51452"}],"wp:term":[{"taxonomy":"category","embeddable":true,"href":"https:\/\/fmdelpueblo.ar\/index.php?rest_route=%2Fwp%2Fv2%2Fcategories&post=51452"},{"taxonomy":"post_tag","embeddable":true,"href":"https:\/\/fmdelpueblo.ar\/index.php?rest_route=%2Fwp%2Fv2%2Ftags&post=51452"}],"curies":[{"name":"wp","href":"https:\/\/api.w.org\/{rel}","templated":true}]}}