{"id":51446,"date":"2026-09-04T06:09:05","date_gmt":"2026-09-04T09:09:05","guid":{"rendered":"https:\/\/fmdelpueblo.ar\/?p=51446"},"modified":"2026-09-04T06:09:05","modified_gmt":"2026-09-04T09:09:05","slug":"borges-en-puntitas-de-pie-goyo-montero-convierte-el-aleph-en-danza-con-musica-de-santaolalla-y-lecturas-de-darin","status":"publish","type":"post","link":"https:\/\/fmdelpueblo.ar\/?p=51446","title":{"rendered":"Borges, en puntitas de pie: Goyo Montero convierte \u00abEl Aleph\u00bb en danza, con m\u00fasica de Santaolalla y lecturas de Dar\u00edn"},"content":{"rendered":"<p>El core\u00f3grafo espa\u00f1ol estrena en el Teatro Col\u00f3n <em>Principio de \u00e9xtasis<\/em>, una obra inspirada en el relato de Jorge Luis Borges cuya realizaci\u00f3n debi\u00f3 esperar la liberaci\u00f3n de los derechos de autor.En di\u00e1logo con \u00d1, explica c\u00f3mo transform\u00f3 el universo borgeano en una coreograf\u00eda contempor\u00e1nea sin pretender ofrecer una versi\u00f3n definitiva del cl\u00e1sico.Podr\u00e1 verse entre el 10 y el 20 de septiembre, con una funci\u00f3n especial en el marco de FIBA.<\/p>","protected":false},"excerpt":{"rendered":"<p>El core\u00f3grafo espa\u00f1ol estrena en el Teatro Col\u00f3n Principio de \u00e9xtasis, una obra inspirada en el relato de Jorge Luis Borges cuya realizaci\u00f3n debi\u00f3 esperar la liberaci\u00f3n de los derechos de autor.En di\u00e1logo con \u00d1, explica c\u00f3mo transform\u00f3 el universo borgeano en una coreograf\u00eda contempor\u00e1nea sin pretender ofrecer una versi\u00f3n definitiva del cl\u00e1sico.Podr\u00e1 verse entre [&hellip;]<\/p>\n","protected":false},"author":0,"featured_media":0,"comment_status":"","ping_status":"","sticky":false,"template":"","format":"standard","meta":{"footnotes":""},"categories":[1],"tags":[],"class_list":["post-51446","post","type-post","status-publish","format-standard","has-post-thumbnail","hentry","category-sin-categoria"],"_links":{"self":[{"href":"https:\/\/fmdelpueblo.ar\/index.php?rest_route=\/wp\/v2\/posts\/51446","targetHints":{"allow":["GET"]}}],"collection":[{"href":"https:\/\/fmdelpueblo.ar\/index.php?rest_route=\/wp\/v2\/posts"}],"about":[{"href":"https:\/\/fmdelpueblo.ar\/index.php?rest_route=\/wp\/v2\/types\/post"}],"replies":[{"embeddable":true,"href":"https:\/\/fmdelpueblo.ar\/index.php?rest_route=%2Fwp%2Fv2%2Fcomments&post=51446"}],"version-history":[{"count":0,"href":"https:\/\/fmdelpueblo.ar\/index.php?rest_route=\/wp\/v2\/posts\/51446\/revisions"}],"wp:attachment":[{"href":"https:\/\/fmdelpueblo.ar\/index.php?rest_route=%2Fwp%2Fv2%2Fmedia&parent=51446"}],"wp:term":[{"taxonomy":"category","embeddable":true,"href":"https:\/\/fmdelpueblo.ar\/index.php?rest_route=%2Fwp%2Fv2%2Fcategories&post=51446"},{"taxonomy":"post_tag","embeddable":true,"href":"https:\/\/fmdelpueblo.ar\/index.php?rest_route=%2Fwp%2Fv2%2Ftags&post=51446"}],"curies":[{"name":"wp","href":"https:\/\/api.w.org\/{rel}","templated":true}]}}