{"id":51445,"date":"2026-09-04T06:09:04","date_gmt":"2026-09-04T09:09:04","guid":{"rendered":"https:\/\/fmdelpueblo.ar\/?p=51445"},"modified":"2026-09-04T06:09:04","modified_gmt":"2026-09-04T09:09:04","slug":"alan-veneno-chaves-vuelve-a-pelear-en-estados-unidos-esta-invicto-y-una-victoria-puede-acercarlo-al-titulo-mundial","status":"publish","type":"post","link":"https:\/\/fmdelpueblo.ar\/?p=51445","title":{"rendered":"Alan \u201cVeneno\u201d Chaves vuelve a pelear en Estados Unidos: est\u00e1 invicto y una victoria puede acercarlo al t\u00edtulo mundial"},"content":{"rendered":"<p>El noqueador de San Miguel debut\u00f3 el 25 de abril en suelo estadounidense y derrib\u00f3 en el tercer asalto al mexicano Madue\u00f1o.Se medir\u00e1 este viernes con el dominicano Eridson Garc\u00eda en una pelea pactada a 10 asaltos en la categor\u00eda ligero.Otra actuaci\u00f3n convincente lo dejar\u00eda bien posicionado para ir por el t\u00edtulo mundial.<\/p>","protected":false},"excerpt":{"rendered":"<p>El noqueador de San Miguel debut\u00f3 el 25 de abril en suelo estadounidense y derrib\u00f3 en el tercer asalto al mexicano Madue\u00f1o.Se medir\u00e1 este viernes con el dominicano Eridson Garc\u00eda en una pelea pactada a 10 asaltos en la categor\u00eda ligero.Otra actuaci\u00f3n convincente lo dejar\u00eda bien posicionado para ir por el t\u00edtulo mundial.<\/p>\n","protected":false},"author":0,"featured_media":0,"comment_status":"","ping_status":"","sticky":false,"template":"","format":"standard","meta":{"footnotes":""},"categories":[1],"tags":[],"class_list":["post-51445","post","type-post","status-publish","format-standard","has-post-thumbnail","hentry","category-sin-categoria"],"_links":{"self":[{"href":"https:\/\/fmdelpueblo.ar\/index.php?rest_route=\/wp\/v2\/posts\/51445","targetHints":{"allow":["GET"]}}],"collection":[{"href":"https:\/\/fmdelpueblo.ar\/index.php?rest_route=\/wp\/v2\/posts"}],"about":[{"href":"https:\/\/fmdelpueblo.ar\/index.php?rest_route=\/wp\/v2\/types\/post"}],"replies":[{"embeddable":true,"href":"https:\/\/fmdelpueblo.ar\/index.php?rest_route=%2Fwp%2Fv2%2Fcomments&post=51445"}],"version-history":[{"count":0,"href":"https:\/\/fmdelpueblo.ar\/index.php?rest_route=\/wp\/v2\/posts\/51445\/revisions"}],"wp:attachment":[{"href":"https:\/\/fmdelpueblo.ar\/index.php?rest_route=%2Fwp%2Fv2%2Fmedia&parent=51445"}],"wp:term":[{"taxonomy":"category","embeddable":true,"href":"https:\/\/fmdelpueblo.ar\/index.php?rest_route=%2Fwp%2Fv2%2Fcategories&post=51445"},{"taxonomy":"post_tag","embeddable":true,"href":"https:\/\/fmdelpueblo.ar\/index.php?rest_route=%2Fwp%2Fv2%2Ftags&post=51445"}],"curies":[{"name":"wp","href":"https:\/\/api.w.org\/{rel}","templated":true}]}}