{"id":51442,"date":"2026-09-04T06:09:00","date_gmt":"2026-09-04T09:09:00","guid":{"rendered":"https:\/\/fmdelpueblo.ar\/?p=51442"},"modified":"2026-09-04T06:09:00","modified_gmt":"2026-09-04T09:09:00","slug":"el-reino-unido-le-respondio-a-milei-las-malvinas-son-britanicas-porque-los-islenos-de-las-malvinas-eligen-ser-britanicos","status":"publish","type":"post","link":"https:\/\/fmdelpueblo.ar\/?p=51442","title":{"rendered":"El Reino Unido le respondi\u00f3 a Milei: \u00abLas Malvinas son brit\u00e1nicas porque los isle\u00f1os de las Malvinas eligen ser brit\u00e1nicos\u00bb"},"content":{"rendered":"<p>Lo hizo a trav\u00e9s de su ministro de Defensa, Wes Streeting. Fue despu\u00e9s de declaraci\u00f3n del presidente argentino en cadena nacional acerca de la soberan\u00eda sobre las islas.<\/p>","protected":false},"excerpt":{"rendered":"<p>Lo hizo a trav\u00e9s de su ministro de Defensa, Wes Streeting. Fue despu\u00e9s de declaraci\u00f3n del presidente argentino en cadena nacional acerca de la soberan\u00eda sobre las islas.<\/p>\n","protected":false},"author":0,"featured_media":0,"comment_status":"","ping_status":"","sticky":false,"template":"","format":"standard","meta":{"footnotes":""},"categories":[1],"tags":[],"class_list":["post-51442","post","type-post","status-publish","format-standard","has-post-thumbnail","hentry","category-sin-categoria"],"_links":{"self":[{"href":"https:\/\/fmdelpueblo.ar\/index.php?rest_route=\/wp\/v2\/posts\/51442","targetHints":{"allow":["GET"]}}],"collection":[{"href":"https:\/\/fmdelpueblo.ar\/index.php?rest_route=\/wp\/v2\/posts"}],"about":[{"href":"https:\/\/fmdelpueblo.ar\/index.php?rest_route=\/wp\/v2\/types\/post"}],"replies":[{"embeddable":true,"href":"https:\/\/fmdelpueblo.ar\/index.php?rest_route=%2Fwp%2Fv2%2Fcomments&post=51442"}],"version-history":[{"count":0,"href":"https:\/\/fmdelpueblo.ar\/index.php?rest_route=\/wp\/v2\/posts\/51442\/revisions"}],"wp:attachment":[{"href":"https:\/\/fmdelpueblo.ar\/index.php?rest_route=%2Fwp%2Fv2%2Fmedia&parent=51442"}],"wp:term":[{"taxonomy":"category","embeddable":true,"href":"https:\/\/fmdelpueblo.ar\/index.php?rest_route=%2Fwp%2Fv2%2Fcategories&post=51442"},{"taxonomy":"post_tag","embeddable":true,"href":"https:\/\/fmdelpueblo.ar\/index.php?rest_route=%2Fwp%2Fv2%2Ftags&post=51442"}],"curies":[{"name":"wp","href":"https:\/\/api.w.org\/{rel}","templated":true}]}}