{"id":51441,"date":"2026-09-04T06:09:00","date_gmt":"2026-09-04T09:09:00","guid":{"rendered":"https:\/\/fmdelpueblo.ar\/?p=51441"},"modified":"2026-09-04T06:09:00","modified_gmt":"2026-09-04T09:09:00","slug":"la-ministra-de-finanzas-japonesa-niega-presiones-de-ee-uu-en-politica-monetaria","status":"publish","type":"post","link":"https:\/\/fmdelpueblo.ar\/?p=51441","title":{"rendered":"La ministra de Finanzas japonesa niega presiones de EE.UU. en pol\u00edtica monetaria"},"content":{"rendered":"<p>La responsable de Finanzas nipona desminti\u00f3 haber recibido peticiones concretas de Washington sobre su pol\u00edtica monetaria.El secretario del Tesoro de EE.UU. sugiri\u00f3 detener la reflaci\u00f3n, pero Jap\u00f3n reafirma la autonom\u00eda del Banco Central.<\/p>","protected":false},"excerpt":{"rendered":"<p>La responsable de Finanzas nipona desminti\u00f3 haber recibido peticiones concretas de Washington sobre su pol\u00edtica monetaria.El secretario del Tesoro de EE.UU. sugiri\u00f3 detener la reflaci\u00f3n, pero Jap\u00f3n reafirma la autonom\u00eda del Banco Central.<\/p>\n","protected":false},"author":0,"featured_media":0,"comment_status":"","ping_status":"","sticky":false,"template":"","format":"standard","meta":{"footnotes":""},"categories":[1],"tags":[],"class_list":["post-51441","post","type-post","status-publish","format-standard","has-post-thumbnail","hentry","category-sin-categoria"],"_links":{"self":[{"href":"https:\/\/fmdelpueblo.ar\/index.php?rest_route=\/wp\/v2\/posts\/51441","targetHints":{"allow":["GET"]}}],"collection":[{"href":"https:\/\/fmdelpueblo.ar\/index.php?rest_route=\/wp\/v2\/posts"}],"about":[{"href":"https:\/\/fmdelpueblo.ar\/index.php?rest_route=\/wp\/v2\/types\/post"}],"replies":[{"embeddable":true,"href":"https:\/\/fmdelpueblo.ar\/index.php?rest_route=%2Fwp%2Fv2%2Fcomments&post=51441"}],"version-history":[{"count":0,"href":"https:\/\/fmdelpueblo.ar\/index.php?rest_route=\/wp\/v2\/posts\/51441\/revisions"}],"wp:attachment":[{"href":"https:\/\/fmdelpueblo.ar\/index.php?rest_route=%2Fwp%2Fv2%2Fmedia&parent=51441"}],"wp:term":[{"taxonomy":"category","embeddable":true,"href":"https:\/\/fmdelpueblo.ar\/index.php?rest_route=%2Fwp%2Fv2%2Fcategories&post=51441"},{"taxonomy":"post_tag","embeddable":true,"href":"https:\/\/fmdelpueblo.ar\/index.php?rest_route=%2Fwp%2Fv2%2Ftags&post=51441"}],"curies":[{"name":"wp","href":"https:\/\/api.w.org\/{rel}","templated":true}]}}