{"id":51440,"date":"2026-09-04T06:08:59","date_gmt":"2026-09-04T09:08:59","guid":{"rendered":"https:\/\/fmdelpueblo.ar\/?p=51440"},"modified":"2026-09-04T06:08:59","modified_gmt":"2026-09-04T09:08:59","slug":"vance-dice-que-la-lucha-contra-iran-no-es-una-guerra-mientras-trump-lidia-con-conflicto-impopular","status":"publish","type":"post","link":"https:\/\/fmdelpueblo.ar\/?p=51440","title":{"rendered":"Vance dice que la lucha contra Ir\u00e1n no es una \u00abguerra\u00bb mientras Trump lidia con conflicto impopular"},"content":{"rendered":"<p>El vicepresidente descarta llamar \u00abguerra\u00bb al conflicto con Ir\u00e1n, pese a recientes ataques. La Casa Blanca enfrenta presi\u00f3n por el impacto econ\u00f3mico.La estrategia de Trump busca controlar el estrecho de Ormuz y evitar una escalada militar, mientras Ir\u00e1n mantiene su ofensiva en la regi\u00f3n.<\/p>","protected":false},"excerpt":{"rendered":"<p>El vicepresidente descarta llamar \u00abguerra\u00bb al conflicto con Ir\u00e1n, pese a recientes ataques. La Casa Blanca enfrenta presi\u00f3n por el impacto econ\u00f3mico.La estrategia de Trump busca controlar el estrecho de Ormuz y evitar una escalada militar, mientras Ir\u00e1n mantiene su ofensiva en la regi\u00f3n.<\/p>\n","protected":false},"author":0,"featured_media":0,"comment_status":"","ping_status":"","sticky":false,"template":"","format":"standard","meta":{"footnotes":""},"categories":[1],"tags":[],"class_list":["post-51440","post","type-post","status-publish","format-standard","has-post-thumbnail","hentry","category-sin-categoria"],"_links":{"self":[{"href":"https:\/\/fmdelpueblo.ar\/index.php?rest_route=\/wp\/v2\/posts\/51440","targetHints":{"allow":["GET"]}}],"collection":[{"href":"https:\/\/fmdelpueblo.ar\/index.php?rest_route=\/wp\/v2\/posts"}],"about":[{"href":"https:\/\/fmdelpueblo.ar\/index.php?rest_route=\/wp\/v2\/types\/post"}],"replies":[{"embeddable":true,"href":"https:\/\/fmdelpueblo.ar\/index.php?rest_route=%2Fwp%2Fv2%2Fcomments&post=51440"}],"version-history":[{"count":0,"href":"https:\/\/fmdelpueblo.ar\/index.php?rest_route=\/wp\/v2\/posts\/51440\/revisions"}],"wp:attachment":[{"href":"https:\/\/fmdelpueblo.ar\/index.php?rest_route=%2Fwp%2Fv2%2Fmedia&parent=51440"}],"wp:term":[{"taxonomy":"category","embeddable":true,"href":"https:\/\/fmdelpueblo.ar\/index.php?rest_route=%2Fwp%2Fv2%2Fcategories&post=51440"},{"taxonomy":"post_tag","embeddable":true,"href":"https:\/\/fmdelpueblo.ar\/index.php?rest_route=%2Fwp%2Fv2%2Ftags&post=51440"}],"curies":[{"name":"wp","href":"https:\/\/api.w.org\/{rel}","templated":true}]}}