{"id":51439,"date":"2026-09-04T05:09:05","date_gmt":"2026-09-04T08:09:05","guid":{"rendered":"https:\/\/fmdelpueblo.ar\/?p=51439"},"modified":"2026-09-04T05:09:05","modified_gmt":"2026-09-04T08:09:05","slug":"platon-filosofo-sobre-como-educar-a-los-ninos-no-se-debe-obligar-a-los-ninos-a-aprender-ni-se-deben-forzar-sus-cabezas-para-asimilar-conocimientos-solo-se-debe-mostrar-el-camino","status":"publish","type":"post","link":"https:\/\/fmdelpueblo.ar\/?p=51439","title":{"rendered":"Plat\u00f3n, fil\u00f3sofo, sobre c\u00f3mo educar a los ni\u00f1os: \u00abNo se debe obligar a los ni\u00f1os a aprender, ni se deben forzar sus cabezas para asimilar conocimientos, solo se debe mostrar el camino\u00bb"},"content":{"rendered":"<p>La frase, inspirada en el pensamiento del fil\u00f3sofo, plantea que aprender no deber\u00eda ser un acto impuesto, sino un proceso.<\/p>","protected":false},"excerpt":{"rendered":"<p>La frase, inspirada en el pensamiento del fil\u00f3sofo, plantea que aprender no deber\u00eda ser un acto impuesto, sino un proceso.<\/p>\n","protected":false},"author":0,"featured_media":0,"comment_status":"","ping_status":"","sticky":false,"template":"","format":"standard","meta":{"footnotes":""},"categories":[1],"tags":[],"class_list":["post-51439","post","type-post","status-publish","format-standard","has-post-thumbnail","hentry","category-sin-categoria"],"_links":{"self":[{"href":"https:\/\/fmdelpueblo.ar\/index.php?rest_route=\/wp\/v2\/posts\/51439","targetHints":{"allow":["GET"]}}],"collection":[{"href":"https:\/\/fmdelpueblo.ar\/index.php?rest_route=\/wp\/v2\/posts"}],"about":[{"href":"https:\/\/fmdelpueblo.ar\/index.php?rest_route=\/wp\/v2\/types\/post"}],"replies":[{"embeddable":true,"href":"https:\/\/fmdelpueblo.ar\/index.php?rest_route=%2Fwp%2Fv2%2Fcomments&post=51439"}],"version-history":[{"count":0,"href":"https:\/\/fmdelpueblo.ar\/index.php?rest_route=\/wp\/v2\/posts\/51439\/revisions"}],"wp:attachment":[{"href":"https:\/\/fmdelpueblo.ar\/index.php?rest_route=%2Fwp%2Fv2%2Fmedia&parent=51439"}],"wp:term":[{"taxonomy":"category","embeddable":true,"href":"https:\/\/fmdelpueblo.ar\/index.php?rest_route=%2Fwp%2Fv2%2Fcategories&post=51439"},{"taxonomy":"post_tag","embeddable":true,"href":"https:\/\/fmdelpueblo.ar\/index.php?rest_route=%2Fwp%2Fv2%2Ftags&post=51439"}],"curies":[{"name":"wp","href":"https:\/\/api.w.org\/{rel}","templated":true}]}}