{"id":51438,"date":"2026-09-04T05:09:04","date_gmt":"2026-09-04T08:09:04","guid":{"rendered":"https:\/\/fmdelpueblo.ar\/?p=51438"},"modified":"2026-09-04T05:09:04","modified_gmt":"2026-09-04T08:09:04","slug":"el-moriacore-como-el-vestuario-construye-a-la-moria-de-netflix","status":"publish","type":"post","link":"https:\/\/fmdelpueblo.ar\/?p=51438","title":{"rendered":"El \u00abMoriacore\u00bb: c\u00f3mo el vestuario construye a la Moria de Netflix"},"content":{"rendered":"<p>M\u00e1s de 110 cambios de ropa recorren la ficci\u00f3n creada y dirigida por Javier Van de Couter, en la que Sof\u00eda Gala Castiglione, Griselda Siciliani y Cecilia Roth encarnan distintas etapas de Moria Cas\u00e1n. Con prendas vintage, dise\u00f1os especiales y piezas del guardarropa de la propia diva, la vestuarista Florencia Tellado reconstruye una identidad que convirti\u00f3 la autodeterminaci\u00f3n, la provocaci\u00f3n y el exceso en una marca de estilo.<\/p>","protected":false},"excerpt":{"rendered":"<p>M\u00e1s de 110 cambios de ropa recorren la ficci\u00f3n creada y dirigida por Javier Van de Couter, en la que Sof\u00eda Gala Castiglione, Griselda Siciliani y Cecilia Roth encarnan distintas etapas de Moria Cas\u00e1n. Con prendas vintage, dise\u00f1os especiales y piezas del guardarropa de la propia diva, la vestuarista Florencia Tellado reconstruye una identidad que [&hellip;]<\/p>\n","protected":false},"author":0,"featured_media":0,"comment_status":"","ping_status":"","sticky":false,"template":"","format":"standard","meta":{"footnotes":""},"categories":[1],"tags":[],"class_list":["post-51438","post","type-post","status-publish","format-standard","has-post-thumbnail","hentry","category-sin-categoria"],"_links":{"self":[{"href":"https:\/\/fmdelpueblo.ar\/index.php?rest_route=\/wp\/v2\/posts\/51438","targetHints":{"allow":["GET"]}}],"collection":[{"href":"https:\/\/fmdelpueblo.ar\/index.php?rest_route=\/wp\/v2\/posts"}],"about":[{"href":"https:\/\/fmdelpueblo.ar\/index.php?rest_route=\/wp\/v2\/types\/post"}],"replies":[{"embeddable":true,"href":"https:\/\/fmdelpueblo.ar\/index.php?rest_route=%2Fwp%2Fv2%2Fcomments&post=51438"}],"version-history":[{"count":0,"href":"https:\/\/fmdelpueblo.ar\/index.php?rest_route=\/wp\/v2\/posts\/51438\/revisions"}],"wp:attachment":[{"href":"https:\/\/fmdelpueblo.ar\/index.php?rest_route=%2Fwp%2Fv2%2Fmedia&parent=51438"}],"wp:term":[{"taxonomy":"category","embeddable":true,"href":"https:\/\/fmdelpueblo.ar\/index.php?rest_route=%2Fwp%2Fv2%2Fcategories&post=51438"},{"taxonomy":"post_tag","embeddable":true,"href":"https:\/\/fmdelpueblo.ar\/index.php?rest_route=%2Fwp%2Fv2%2Ftags&post=51438"}],"curies":[{"name":"wp","href":"https:\/\/api.w.org\/{rel}","templated":true}]}}