{"id":51435,"date":"2026-09-04T05:08:59","date_gmt":"2026-09-04T08:08:59","guid":{"rendered":"https:\/\/fmdelpueblo.ar\/?p=51435"},"modified":"2026-09-04T05:08:59","modified_gmt":"2026-09-04T08:08:59","slug":"milagro-en-nepal-rescatan-a-dos-trabajadores-tras-10-dias-atrapados-y-buscan-a-mas-sobrevivientes","status":"publish","type":"post","link":"https:\/\/fmdelpueblo.ar\/?p=51435","title":{"rendered":"Milagro en Nepal: rescatan a dos trabajadores tras 10 d\u00edas atrapados y buscan a m\u00e1s sobrevivientes"},"content":{"rendered":"<p>Fueron localizados a unos 170 metros del ingreso a un complejo hidroel\u00e9ctrico afectado por las riadas que golpearon el pa\u00eds asi\u00e1tico el 26 de agosto. Los rescatistas lograron establecer contacto con personas en el interior y ejecutaban tareas en el conducto, donde inicialmente se report\u00f3 que hab\u00edan quedado atrapados 42 empleados.<\/p>","protected":false},"excerpt":{"rendered":"<p>Fueron localizados a unos 170 metros del ingreso a un complejo hidroel\u00e9ctrico afectado por las riadas que golpearon el pa\u00eds asi\u00e1tico el 26 de agosto. Los rescatistas lograron establecer contacto con personas en el interior y ejecutaban tareas en el conducto, donde inicialmente se report\u00f3 que hab\u00edan quedado atrapados 42 empleados.<\/p>\n","protected":false},"author":0,"featured_media":0,"comment_status":"","ping_status":"","sticky":false,"template":"","format":"standard","meta":{"footnotes":""},"categories":[1],"tags":[],"class_list":["post-51435","post","type-post","status-publish","format-standard","has-post-thumbnail","hentry","category-sin-categoria"],"_links":{"self":[{"href":"https:\/\/fmdelpueblo.ar\/index.php?rest_route=\/wp\/v2\/posts\/51435","targetHints":{"allow":["GET"]}}],"collection":[{"href":"https:\/\/fmdelpueblo.ar\/index.php?rest_route=\/wp\/v2\/posts"}],"about":[{"href":"https:\/\/fmdelpueblo.ar\/index.php?rest_route=\/wp\/v2\/types\/post"}],"replies":[{"embeddable":true,"href":"https:\/\/fmdelpueblo.ar\/index.php?rest_route=%2Fwp%2Fv2%2Fcomments&post=51435"}],"version-history":[{"count":0,"href":"https:\/\/fmdelpueblo.ar\/index.php?rest_route=\/wp\/v2\/posts\/51435\/revisions"}],"wp:attachment":[{"href":"https:\/\/fmdelpueblo.ar\/index.php?rest_route=%2Fwp%2Fv2%2Fmedia&parent=51435"}],"wp:term":[{"taxonomy":"category","embeddable":true,"href":"https:\/\/fmdelpueblo.ar\/index.php?rest_route=%2Fwp%2Fv2%2Fcategories&post=51435"},{"taxonomy":"post_tag","embeddable":true,"href":"https:\/\/fmdelpueblo.ar\/index.php?rest_route=%2Fwp%2Fv2%2Ftags&post=51435"}],"curies":[{"name":"wp","href":"https:\/\/api.w.org\/{rel}","templated":true}]}}