{"id":51434,"date":"2026-09-04T05:08:58","date_gmt":"2026-09-04T08:08:58","guid":{"rendered":"https:\/\/fmdelpueblo.ar\/?p=51434"},"modified":"2026-09-04T05:08:58","modified_gmt":"2026-09-04T08:08:58","slug":"es-oficial-tesla-confirmo-sus-planes-de-abrir-una-planta-solar-en-texas-de-us100-mil-millones-que-se-sabe-del-proyecto-crystal-sun","status":"publish","type":"post","link":"https:\/\/fmdelpueblo.ar\/?p=51434","title":{"rendered":"Es oficial | Tesla confirm\u00f3 sus planes de abrir una planta solar en Texas de US$100 mil millones: qu\u00e9 se sabe del proyecto \u00abCrystal Sun\u201d"},"content":{"rendered":"<p>La empresa de Elon Musk, famosa por sus autos, present\u00f3 una solicitud de incentivos fiscales.La f\u00e1brica seguir\u00eda un concepto aplicado en China y que ser\u00eda in\u00e9dito en Estados Unidos.<\/p>","protected":false},"excerpt":{"rendered":"<p>La empresa de Elon Musk, famosa por sus autos, present\u00f3 una solicitud de incentivos fiscales.La f\u00e1brica seguir\u00eda un concepto aplicado en China y que ser\u00eda in\u00e9dito en Estados Unidos.<\/p>\n","protected":false},"author":0,"featured_media":0,"comment_status":"","ping_status":"","sticky":false,"template":"","format":"standard","meta":{"footnotes":""},"categories":[1],"tags":[],"class_list":["post-51434","post","type-post","status-publish","format-standard","has-post-thumbnail","hentry","category-sin-categoria"],"_links":{"self":[{"href":"https:\/\/fmdelpueblo.ar\/index.php?rest_route=\/wp\/v2\/posts\/51434","targetHints":{"allow":["GET"]}}],"collection":[{"href":"https:\/\/fmdelpueblo.ar\/index.php?rest_route=\/wp\/v2\/posts"}],"about":[{"href":"https:\/\/fmdelpueblo.ar\/index.php?rest_route=\/wp\/v2\/types\/post"}],"replies":[{"embeddable":true,"href":"https:\/\/fmdelpueblo.ar\/index.php?rest_route=%2Fwp%2Fv2%2Fcomments&post=51434"}],"version-history":[{"count":0,"href":"https:\/\/fmdelpueblo.ar\/index.php?rest_route=\/wp\/v2\/posts\/51434\/revisions"}],"wp:attachment":[{"href":"https:\/\/fmdelpueblo.ar\/index.php?rest_route=%2Fwp%2Fv2%2Fmedia&parent=51434"}],"wp:term":[{"taxonomy":"category","embeddable":true,"href":"https:\/\/fmdelpueblo.ar\/index.php?rest_route=%2Fwp%2Fv2%2Fcategories&post=51434"},{"taxonomy":"post_tag","embeddable":true,"href":"https:\/\/fmdelpueblo.ar\/index.php?rest_route=%2Fwp%2Fv2%2Ftags&post=51434"}],"curies":[{"name":"wp","href":"https:\/\/api.w.org\/{rel}","templated":true}]}}