{"id":51425,"date":"2026-09-04T03:08:58","date_gmt":"2026-09-04T06:08:58","guid":{"rendered":"http:\/\/fmdelpueblo.ar\/?p=51425"},"modified":"2026-09-04T03:08:58","modified_gmt":"2026-09-04T06:08:58","slug":"el-gobierno-publico-el-decreto-de-milei-que-busca-endurecer-las-sanciones-a-las-empresas-que-exploten-petroleo-en-malvinas","status":"publish","type":"post","link":"https:\/\/fmdelpueblo.ar\/?p=51425","title":{"rendered":"El Gobierno public\u00f3 el decreto de Milei que busca endurecer las sanciones a las empresas que exploten petr\u00f3leo en Malvinas"},"content":{"rendered":"<p>La medida qued\u00f3 ratificada a trav\u00e9s del Decreto 868\/2026, que introduce modificaciones en la aplicaci\u00f3n de la Ley 26.659. La norma apunt\u00f3 a empresas vinculadas con actividades hidrocarbur\u00edferas en los espacios mar\u00edtimos bajo disputa con el Reino Unido, aunque no incluy\u00f3 a todos los anuncios realizados por el Presidente en cadena nacional.<\/p>","protected":false},"excerpt":{"rendered":"<p>La medida qued\u00f3 ratificada a trav\u00e9s del Decreto 868\/2026, que introduce modificaciones en la aplicaci\u00f3n de la Ley 26.659. La norma apunt\u00f3 a empresas vinculadas con actividades hidrocarbur\u00edferas en los espacios mar\u00edtimos bajo disputa con el Reino Unido, aunque no incluy\u00f3 a todos los anuncios realizados por el Presidente en cadena nacional.<\/p>\n","protected":false},"author":0,"featured_media":0,"comment_status":"","ping_status":"","sticky":false,"template":"","format":"standard","meta":{"footnotes":""},"categories":[1],"tags":[],"class_list":["post-51425","post","type-post","status-publish","format-standard","has-post-thumbnail","hentry","category-sin-categoria"],"_links":{"self":[{"href":"https:\/\/fmdelpueblo.ar\/index.php?rest_route=\/wp\/v2\/posts\/51425","targetHints":{"allow":["GET"]}}],"collection":[{"href":"https:\/\/fmdelpueblo.ar\/index.php?rest_route=\/wp\/v2\/posts"}],"about":[{"href":"https:\/\/fmdelpueblo.ar\/index.php?rest_route=\/wp\/v2\/types\/post"}],"replies":[{"embeddable":true,"href":"https:\/\/fmdelpueblo.ar\/index.php?rest_route=%2Fwp%2Fv2%2Fcomments&post=51425"}],"version-history":[{"count":0,"href":"https:\/\/fmdelpueblo.ar\/index.php?rest_route=\/wp\/v2\/posts\/51425\/revisions"}],"wp:attachment":[{"href":"https:\/\/fmdelpueblo.ar\/index.php?rest_route=%2Fwp%2Fv2%2Fmedia&parent=51425"}],"wp:term":[{"taxonomy":"category","embeddable":true,"href":"https:\/\/fmdelpueblo.ar\/index.php?rest_route=%2Fwp%2Fv2%2Fcategories&post=51425"},{"taxonomy":"post_tag","embeddable":true,"href":"https:\/\/fmdelpueblo.ar\/index.php?rest_route=%2Fwp%2Fv2%2Ftags&post=51425"}],"curies":[{"name":"wp","href":"https:\/\/api.w.org\/{rel}","templated":true}]}}