{"id":51417,"date":"2026-09-04T02:09:11","date_gmt":"2026-09-04T05:09:11","guid":{"rendered":"https:\/\/fmdelpueblo.ar\/?p=51417"},"modified":"2026-09-04T02:09:11","modified_gmt":"2026-09-04T05:09:11","slug":"corea-del-sur-sopesa-dar-contribucion-a-la-seguridad-del-estrecho-de-ormuz","status":"publish","type":"post","link":"https:\/\/fmdelpueblo.ar\/?p=51417","title":{"rendered":"Corea del Sur sopesa dar \u00abcontribuci\u00f3n\u00bb a la seguridad del estrecho de Ormuz"},"content":{"rendered":"<p>Corea del Sur eval\u00faa su participaci\u00f3n en la seguridad del estrecho de Ormuz, clave para el tr\u00e1nsito de hidrocarburos en conflicto.El gobierno surcoreano a\u00fan no decide si desplegar\u00e1 fuerzas, mientras EE.UU. busca aliados para enfrentar la amenaza en la regi\u00f3n.<\/p>","protected":false},"excerpt":{"rendered":"<p>Corea del Sur eval\u00faa su participaci\u00f3n en la seguridad del estrecho de Ormuz, clave para el tr\u00e1nsito de hidrocarburos en conflicto.El gobierno surcoreano a\u00fan no decide si desplegar\u00e1 fuerzas, mientras EE.UU. busca aliados para enfrentar la amenaza en la regi\u00f3n.<\/p>\n","protected":false},"author":0,"featured_media":0,"comment_status":"","ping_status":"","sticky":false,"template":"","format":"standard","meta":{"footnotes":""},"categories":[1],"tags":[],"class_list":["post-51417","post","type-post","status-publish","format-standard","has-post-thumbnail","hentry","category-sin-categoria"],"_links":{"self":[{"href":"https:\/\/fmdelpueblo.ar\/index.php?rest_route=\/wp\/v2\/posts\/51417","targetHints":{"allow":["GET"]}}],"collection":[{"href":"https:\/\/fmdelpueblo.ar\/index.php?rest_route=\/wp\/v2\/posts"}],"about":[{"href":"https:\/\/fmdelpueblo.ar\/index.php?rest_route=\/wp\/v2\/types\/post"}],"replies":[{"embeddable":true,"href":"https:\/\/fmdelpueblo.ar\/index.php?rest_route=%2Fwp%2Fv2%2Fcomments&post=51417"}],"version-history":[{"count":0,"href":"https:\/\/fmdelpueblo.ar\/index.php?rest_route=\/wp\/v2\/posts\/51417\/revisions"}],"wp:attachment":[{"href":"https:\/\/fmdelpueblo.ar\/index.php?rest_route=%2Fwp%2Fv2%2Fmedia&parent=51417"}],"wp:term":[{"taxonomy":"category","embeddable":true,"href":"https:\/\/fmdelpueblo.ar\/index.php?rest_route=%2Fwp%2Fv2%2Fcategories&post=51417"},{"taxonomy":"post_tag","embeddable":true,"href":"https:\/\/fmdelpueblo.ar\/index.php?rest_route=%2Fwp%2Fv2%2Ftags&post=51417"}],"curies":[{"name":"wp","href":"https:\/\/api.w.org\/{rel}","templated":true}]}}