{"id":51364,"date":"2026-09-03T20:09:00","date_gmt":"2026-09-03T23:09:00","guid":{"rendered":"https:\/\/fmdelpueblo.ar\/?p=51364"},"modified":"2026-09-03T20:09:00","modified_gmt":"2026-09-03T23:09:00","slug":"argentina-y-chile-le-ponen-punto-final-a-la-controversia-por-magallanes-y-ratifican-la-soberania-chilena-sobre-la-totalidad-del-estrecho","status":"publish","type":"post","link":"https:\/\/fmdelpueblo.ar\/?p=51364","title":{"rendered":"Argentina y Chile le ponen punto final a la controversia por Magallanes y ratifican la soberan\u00eda chilena sobre la \u00abtotalidad\u00bb del estrecho\u00a0"},"content":{"rendered":"<p>Lo hicieron a trav\u00e9s de un comunicado conjunto difundido tras la visita de Milei al pa\u00eds vecino.El presidente chileno tambi\u00e9n ratific\u00f3 el apoyo a Argentina respecto a su disputa con Reino Unido por Malvinas.D\u00edas atr\u00e1s, el jefe de la Fuerza A\u00e9rea nacional hab\u00eda puesto en duda la soberan\u00eda chilena sobre la v\u00eda mar\u00edtima.<\/p>","protected":false},"excerpt":{"rendered":"<p>Lo hicieron a trav\u00e9s de un comunicado conjunto difundido tras la visita de Milei al pa\u00eds vecino.El presidente chileno tambi\u00e9n ratific\u00f3 el apoyo a Argentina respecto a su disputa con Reino Unido por Malvinas.D\u00edas atr\u00e1s, el jefe de la Fuerza A\u00e9rea nacional hab\u00eda puesto en duda la soberan\u00eda chilena sobre la v\u00eda mar\u00edtima.<\/p>\n","protected":false},"author":0,"featured_media":0,"comment_status":"","ping_status":"","sticky":false,"template":"","format":"standard","meta":{"footnotes":""},"categories":[1],"tags":[],"class_list":["post-51364","post","type-post","status-publish","format-standard","has-post-thumbnail","hentry","category-sin-categoria"],"_links":{"self":[{"href":"https:\/\/fmdelpueblo.ar\/index.php?rest_route=\/wp\/v2\/posts\/51364","targetHints":{"allow":["GET"]}}],"collection":[{"href":"https:\/\/fmdelpueblo.ar\/index.php?rest_route=\/wp\/v2\/posts"}],"about":[{"href":"https:\/\/fmdelpueblo.ar\/index.php?rest_route=\/wp\/v2\/types\/post"}],"replies":[{"embeddable":true,"href":"https:\/\/fmdelpueblo.ar\/index.php?rest_route=%2Fwp%2Fv2%2Fcomments&post=51364"}],"version-history":[{"count":0,"href":"https:\/\/fmdelpueblo.ar\/index.php?rest_route=\/wp\/v2\/posts\/51364\/revisions"}],"wp:attachment":[{"href":"https:\/\/fmdelpueblo.ar\/index.php?rest_route=%2Fwp%2Fv2%2Fmedia&parent=51364"}],"wp:term":[{"taxonomy":"category","embeddable":true,"href":"https:\/\/fmdelpueblo.ar\/index.php?rest_route=%2Fwp%2Fv2%2Fcategories&post=51364"},{"taxonomy":"post_tag","embeddable":true,"href":"https:\/\/fmdelpueblo.ar\/index.php?rest_route=%2Fwp%2Fv2%2Ftags&post=51364"}],"curies":[{"name":"wp","href":"https:\/\/api.w.org\/{rel}","templated":true}]}}