{"id":51363,"date":"2026-09-03T20:08:59","date_gmt":"2026-09-03T23:08:59","guid":{"rendered":"https:\/\/fmdelpueblo.ar\/?p=51363"},"modified":"2026-09-03T20:08:59","modified_gmt":"2026-09-03T23:08:59","slug":"adepa-destaco-que-la-anulacion-del-fallo-que-impedia-difundir-datos-sobre-chiqui-tapia-protege-al-periodismo-y-la-libertad-de-expresion","status":"publish","type":"post","link":"https:\/\/fmdelpueblo.ar\/?p=51363","title":{"rendered":"ADEPA destac\u00f3 que la anulaci\u00f3n del fallo que imped\u00eda difundir datos sobre Chiqui Tapia \u00abprotege al periodismo y la libertad de expresi\u00f3n\u00bb"},"content":{"rendered":"<p>Los periodistas Nicol\u00e1s Pizzi, Federico Teijeiro, Bruno Yacono, Luis Gasulla y Mariano Roa fueron amparados por el fallo para seguir con sus investigaciones.Los camaristas de apelaciones de San Isidro desactivaron una medida de un juez de garant\u00edas a pedido de las autoridades de la AFA.<\/p>","protected":false},"excerpt":{"rendered":"<p>Los periodistas Nicol\u00e1s Pizzi, Federico Teijeiro, Bruno Yacono, Luis Gasulla y Mariano Roa fueron amparados por el fallo para seguir con sus investigaciones.Los camaristas de apelaciones de San Isidro desactivaron una medida de un juez de garant\u00edas a pedido de las autoridades de la AFA.<\/p>\n","protected":false},"author":0,"featured_media":0,"comment_status":"","ping_status":"","sticky":false,"template":"","format":"standard","meta":{"footnotes":""},"categories":[1],"tags":[],"class_list":["post-51363","post","type-post","status-publish","format-standard","has-post-thumbnail","hentry","category-sin-categoria"],"_links":{"self":[{"href":"https:\/\/fmdelpueblo.ar\/index.php?rest_route=\/wp\/v2\/posts\/51363","targetHints":{"allow":["GET"]}}],"collection":[{"href":"https:\/\/fmdelpueblo.ar\/index.php?rest_route=\/wp\/v2\/posts"}],"about":[{"href":"https:\/\/fmdelpueblo.ar\/index.php?rest_route=\/wp\/v2\/types\/post"}],"replies":[{"embeddable":true,"href":"https:\/\/fmdelpueblo.ar\/index.php?rest_route=%2Fwp%2Fv2%2Fcomments&post=51363"}],"version-history":[{"count":0,"href":"https:\/\/fmdelpueblo.ar\/index.php?rest_route=\/wp\/v2\/posts\/51363\/revisions"}],"wp:attachment":[{"href":"https:\/\/fmdelpueblo.ar\/index.php?rest_route=%2Fwp%2Fv2%2Fmedia&parent=51363"}],"wp:term":[{"taxonomy":"category","embeddable":true,"href":"https:\/\/fmdelpueblo.ar\/index.php?rest_route=%2Fwp%2Fv2%2Fcategories&post=51363"},{"taxonomy":"post_tag","embeddable":true,"href":"https:\/\/fmdelpueblo.ar\/index.php?rest_route=%2Fwp%2Fv2%2Ftags&post=51363"}],"curies":[{"name":"wp","href":"https:\/\/api.w.org\/{rel}","templated":true}]}}