{"id":51362,"date":"2026-09-03T20:08:58","date_gmt":"2026-09-03T23:08:58","guid":{"rendered":"https:\/\/fmdelpueblo.ar\/?p=51362"},"modified":"2026-09-03T20:08:58","modified_gmt":"2026-09-03T23:08:58","slug":"trump-iniciara-en-dos-semanas-la-construccion-de-un-arco-de-triunfo-en-washington","status":"publish","type":"post","link":"https:\/\/fmdelpueblo.ar\/?p=51362","title":{"rendered":"Trump iniciar\u00e1 en dos semanas la construcci\u00f3n de un arco de triunfo en Washington"},"content":{"rendered":"<p>La administraci\u00f3n de Trump comenzar\u00e1 la edificaci\u00f3n de un arco conmemorativo en Washington, celebrando 250 a\u00f1os de independencia. La estructura, de 76 metros, se ubicar\u00e1 en Memorial Circle, generando cr\u00edticas por su impacto en el entorno urbano.<\/p>","protected":false},"excerpt":{"rendered":"<p>La administraci\u00f3n de Trump comenzar\u00e1 la edificaci\u00f3n de un arco conmemorativo en Washington, celebrando 250 a\u00f1os de independencia. La estructura, de 76 metros, se ubicar\u00e1 en Memorial Circle, generando cr\u00edticas por su impacto en el entorno urbano.<\/p>\n","protected":false},"author":0,"featured_media":0,"comment_status":"","ping_status":"","sticky":false,"template":"","format":"standard","meta":{"footnotes":""},"categories":[1],"tags":[],"class_list":["post-51362","post","type-post","status-publish","format-standard","has-post-thumbnail","hentry","category-sin-categoria"],"_links":{"self":[{"href":"https:\/\/fmdelpueblo.ar\/index.php?rest_route=\/wp\/v2\/posts\/51362","targetHints":{"allow":["GET"]}}],"collection":[{"href":"https:\/\/fmdelpueblo.ar\/index.php?rest_route=\/wp\/v2\/posts"}],"about":[{"href":"https:\/\/fmdelpueblo.ar\/index.php?rest_route=\/wp\/v2\/types\/post"}],"replies":[{"embeddable":true,"href":"https:\/\/fmdelpueblo.ar\/index.php?rest_route=%2Fwp%2Fv2%2Fcomments&post=51362"}],"version-history":[{"count":0,"href":"https:\/\/fmdelpueblo.ar\/index.php?rest_route=\/wp\/v2\/posts\/51362\/revisions"}],"wp:attachment":[{"href":"https:\/\/fmdelpueblo.ar\/index.php?rest_route=%2Fwp%2Fv2%2Fmedia&parent=51362"}],"wp:term":[{"taxonomy":"category","embeddable":true,"href":"https:\/\/fmdelpueblo.ar\/index.php?rest_route=%2Fwp%2Fv2%2Fcategories&post=51362"},{"taxonomy":"post_tag","embeddable":true,"href":"https:\/\/fmdelpueblo.ar\/index.php?rest_route=%2Fwp%2Fv2%2Ftags&post=51362"}],"curies":[{"name":"wp","href":"https:\/\/api.w.org\/{rel}","templated":true}]}}