{"id":51358,"date":"2026-09-03T20:08:56","date_gmt":"2026-09-03T23:08:56","guid":{"rendered":"https:\/\/fmdelpueblo.ar\/?p=51358"},"modified":"2026-09-03T20:08:56","modified_gmt":"2026-09-03T23:08:56","slug":"nasry-asfura-presidente-de-honduras-sobre-el-fin-del-tps-pedimos-al-gobierno-de-estados-unidos-que-analice-cada-caso","status":"publish","type":"post","link":"https:\/\/fmdelpueblo.ar\/?p=51358","title":{"rendered":"Nasry Asfura, presidente de Honduras, sobre el fin del TPS: \u201cPedimos al gobierno de Estados Unidos que analice cada caso\u201d"},"content":{"rendered":"<p>Dijo que la decisi\u00f3n de Trump est\u00e1 relacionada con el deterioro de las relaciones entre ambos pa\u00edses.Sin embargo, ya en 2018, Washington hab\u00eda intentado poner fin a este Estatus de Protecci\u00f3n Temporal.<\/p>","protected":false},"excerpt":{"rendered":"<p>Dijo que la decisi\u00f3n de Trump est\u00e1 relacionada con el deterioro de las relaciones entre ambos pa\u00edses.Sin embargo, ya en 2018, Washington hab\u00eda intentado poner fin a este Estatus de Protecci\u00f3n Temporal.<\/p>\n","protected":false},"author":0,"featured_media":0,"comment_status":"","ping_status":"","sticky":false,"template":"","format":"standard","meta":{"footnotes":""},"categories":[1],"tags":[],"class_list":["post-51358","post","type-post","status-publish","format-standard","has-post-thumbnail","hentry","category-sin-categoria"],"_links":{"self":[{"href":"https:\/\/fmdelpueblo.ar\/index.php?rest_route=\/wp\/v2\/posts\/51358","targetHints":{"allow":["GET"]}}],"collection":[{"href":"https:\/\/fmdelpueblo.ar\/index.php?rest_route=\/wp\/v2\/posts"}],"about":[{"href":"https:\/\/fmdelpueblo.ar\/index.php?rest_route=\/wp\/v2\/types\/post"}],"replies":[{"embeddable":true,"href":"https:\/\/fmdelpueblo.ar\/index.php?rest_route=%2Fwp%2Fv2%2Fcomments&post=51358"}],"version-history":[{"count":0,"href":"https:\/\/fmdelpueblo.ar\/index.php?rest_route=\/wp\/v2\/posts\/51358\/revisions"}],"wp:attachment":[{"href":"https:\/\/fmdelpueblo.ar\/index.php?rest_route=%2Fwp%2Fv2%2Fmedia&parent=51358"}],"wp:term":[{"taxonomy":"category","embeddable":true,"href":"https:\/\/fmdelpueblo.ar\/index.php?rest_route=%2Fwp%2Fv2%2Fcategories&post=51358"},{"taxonomy":"post_tag","embeddable":true,"href":"https:\/\/fmdelpueblo.ar\/index.php?rest_route=%2Fwp%2Fv2%2Ftags&post=51358"}],"curies":[{"name":"wp","href":"https:\/\/api.w.org\/{rel}","templated":true}]}}