{"id":51356,"date":"2026-09-03T19:09:15","date_gmt":"2026-09-03T22:09:15","guid":{"rendered":"https:\/\/fmdelpueblo.ar\/?p=51356"},"modified":"2026-09-03T19:09:15","modified_gmt":"2026-09-03T22:09:15","slug":"ola-de-despidos-en-granja-tres-arroyos-en-dos-dias-desvinculo-a-1-000-trabajadores","status":"publish","type":"post","link":"https:\/\/fmdelpueblo.ar\/?p=51356","title":{"rendered":"Ola de despidos en Granja Tres Arroyos: en dos d\u00edas, desvincul\u00f3 a 1.000 trabajadores"},"content":{"rendered":"<p>La empresa envi\u00f3 telegramas a trabajadores de las plantas de Capit\u00e1n Sarmiento, Esteban Echeverr\u00eda y Pilar.Ma\u00f1ana habr\u00e1 una audiencia en el Ministerio de Trabajo bonaerense.<\/p>","protected":false},"excerpt":{"rendered":"<p>La empresa envi\u00f3 telegramas a trabajadores de las plantas de Capit\u00e1n Sarmiento, Esteban Echeverr\u00eda y Pilar.Ma\u00f1ana habr\u00e1 una audiencia en el Ministerio de Trabajo bonaerense.<\/p>\n","protected":false},"author":0,"featured_media":0,"comment_status":"","ping_status":"","sticky":false,"template":"","format":"standard","meta":{"footnotes":""},"categories":[1],"tags":[],"class_list":["post-51356","post","type-post","status-publish","format-standard","has-post-thumbnail","hentry","category-sin-categoria"],"_links":{"self":[{"href":"https:\/\/fmdelpueblo.ar\/index.php?rest_route=\/wp\/v2\/posts\/51356","targetHints":{"allow":["GET"]}}],"collection":[{"href":"https:\/\/fmdelpueblo.ar\/index.php?rest_route=\/wp\/v2\/posts"}],"about":[{"href":"https:\/\/fmdelpueblo.ar\/index.php?rest_route=\/wp\/v2\/types\/post"}],"replies":[{"embeddable":true,"href":"https:\/\/fmdelpueblo.ar\/index.php?rest_route=%2Fwp%2Fv2%2Fcomments&post=51356"}],"version-history":[{"count":0,"href":"https:\/\/fmdelpueblo.ar\/index.php?rest_route=\/wp\/v2\/posts\/51356\/revisions"}],"wp:attachment":[{"href":"https:\/\/fmdelpueblo.ar\/index.php?rest_route=%2Fwp%2Fv2%2Fmedia&parent=51356"}],"wp:term":[{"taxonomy":"category","embeddable":true,"href":"https:\/\/fmdelpueblo.ar\/index.php?rest_route=%2Fwp%2Fv2%2Fcategories&post=51356"},{"taxonomy":"post_tag","embeddable":true,"href":"https:\/\/fmdelpueblo.ar\/index.php?rest_route=%2Fwp%2Fv2%2Ftags&post=51356"}],"curies":[{"name":"wp","href":"https:\/\/api.w.org\/{rel}","templated":true}]}}