{"id":51355,"date":"2026-09-03T19:09:14","date_gmt":"2026-09-03T22:09:14","guid":{"rendered":"https:\/\/fmdelpueblo.ar\/?p=51355"},"modified":"2026-09-03T19:09:14","modified_gmt":"2026-09-03T22:09:14","slug":"las-autoridades-de-los-angeles-arrestan-a-un-hombre-acusado-de-amenazar-de-muerte-a-trump","status":"publish","type":"post","link":"https:\/\/fmdelpueblo.ar\/?p=51355","title":{"rendered":"Las autoridades de Los \u00c1ngeles arrestan a un hombre acusado de amenazar de muerte a Trump"},"content":{"rendered":"<p>Un exlocutor de radio fue detenido por amenazas de muerte contra el l\u00edder de EE.UU. y ciberacoso al abogado personal de este. El acusado, que us\u00f3 redes para incitar violencia, podr\u00eda enfrentar hasta 12 a\u00f1os de prisi\u00f3n si se declara culpable.<\/p>","protected":false},"excerpt":{"rendered":"<p>Un exlocutor de radio fue detenido por amenazas de muerte contra el l\u00edder de EE.UU. y ciberacoso al abogado personal de este. El acusado, que us\u00f3 redes para incitar violencia, podr\u00eda enfrentar hasta 12 a\u00f1os de prisi\u00f3n si se declara culpable.<\/p>\n","protected":false},"author":0,"featured_media":0,"comment_status":"","ping_status":"","sticky":false,"template":"","format":"standard","meta":{"footnotes":""},"categories":[1],"tags":[],"class_list":["post-51355","post","type-post","status-publish","format-standard","has-post-thumbnail","hentry","category-sin-categoria"],"_links":{"self":[{"href":"https:\/\/fmdelpueblo.ar\/index.php?rest_route=\/wp\/v2\/posts\/51355","targetHints":{"allow":["GET"]}}],"collection":[{"href":"https:\/\/fmdelpueblo.ar\/index.php?rest_route=\/wp\/v2\/posts"}],"about":[{"href":"https:\/\/fmdelpueblo.ar\/index.php?rest_route=\/wp\/v2\/types\/post"}],"replies":[{"embeddable":true,"href":"https:\/\/fmdelpueblo.ar\/index.php?rest_route=%2Fwp%2Fv2%2Fcomments&post=51355"}],"version-history":[{"count":0,"href":"https:\/\/fmdelpueblo.ar\/index.php?rest_route=\/wp\/v2\/posts\/51355\/revisions"}],"wp:attachment":[{"href":"https:\/\/fmdelpueblo.ar\/index.php?rest_route=%2Fwp%2Fv2%2Fmedia&parent=51355"}],"wp:term":[{"taxonomy":"category","embeddable":true,"href":"https:\/\/fmdelpueblo.ar\/index.php?rest_route=%2Fwp%2Fv2%2Fcategories&post=51355"},{"taxonomy":"post_tag","embeddable":true,"href":"https:\/\/fmdelpueblo.ar\/index.php?rest_route=%2Fwp%2Fv2%2Ftags&post=51355"}],"curies":[{"name":"wp","href":"https:\/\/api.w.org\/{rel}","templated":true}]}}