{"id":51352,"date":"2026-09-03T19:09:12","date_gmt":"2026-09-03T22:09:12","guid":{"rendered":"https:\/\/fmdelpueblo.ar\/?p=51352"},"modified":"2026-09-03T19:09:12","modified_gmt":"2026-09-03T22:09:12","slug":"la-justicia-ordeno-investigar-el-patrimonio-de-la-compradora-del-piso-de-abajo-del-de-cristina-kirchner","status":"publish","type":"post","link":"https:\/\/fmdelpueblo.ar\/?p=51352","title":{"rendered":"La Justicia orden\u00f3 investigar el patrimonio de la compradora del piso de abajo del de Cristina Kirchner"},"content":{"rendered":"<p>El juez federal Juli\u00e1n Ercolini dispuso una bater\u00eda de medidas de prueba para investigar el patrimonio y los movimientos financieros de Mar\u00eda Soledad Calle, la compradora del piso de abajo del de Cristina en San Jos\u00e9 1111, del ex secretario general de la Uni\u00f3n Obrera Metal\u00fargica (UOM), Abel Furl\u00e1n. Tambi\u00e9n de la empresa USEM, vinculada a la administraci\u00f3n de fondos millonarios del sindicato.<\/p>","protected":false},"excerpt":{"rendered":"<p>El juez federal Juli\u00e1n Ercolini dispuso una bater\u00eda de medidas de prueba para investigar el patrimonio y los movimientos financieros de Mar\u00eda Soledad Calle, la compradora del piso de abajo del de Cristina en San Jos\u00e9 1111, del ex secretario general de la Uni\u00f3n Obrera Metal\u00fargica (UOM), Abel Furl\u00e1n. Tambi\u00e9n de la empresa USEM, vinculada [&hellip;]<\/p>\n","protected":false},"author":0,"featured_media":0,"comment_status":"","ping_status":"","sticky":false,"template":"","format":"standard","meta":{"footnotes":""},"categories":[1],"tags":[],"class_list":["post-51352","post","type-post","status-publish","format-standard","has-post-thumbnail","hentry","category-sin-categoria"],"_links":{"self":[{"href":"https:\/\/fmdelpueblo.ar\/index.php?rest_route=\/wp\/v2\/posts\/51352","targetHints":{"allow":["GET"]}}],"collection":[{"href":"https:\/\/fmdelpueblo.ar\/index.php?rest_route=\/wp\/v2\/posts"}],"about":[{"href":"https:\/\/fmdelpueblo.ar\/index.php?rest_route=\/wp\/v2\/types\/post"}],"replies":[{"embeddable":true,"href":"https:\/\/fmdelpueblo.ar\/index.php?rest_route=%2Fwp%2Fv2%2Fcomments&post=51352"}],"version-history":[{"count":0,"href":"https:\/\/fmdelpueblo.ar\/index.php?rest_route=\/wp\/v2\/posts\/51352\/revisions"}],"wp:attachment":[{"href":"https:\/\/fmdelpueblo.ar\/index.php?rest_route=%2Fwp%2Fv2%2Fmedia&parent=51352"}],"wp:term":[{"taxonomy":"category","embeddable":true,"href":"https:\/\/fmdelpueblo.ar\/index.php?rest_route=%2Fwp%2Fv2%2Fcategories&post=51352"},{"taxonomy":"post_tag","embeddable":true,"href":"https:\/\/fmdelpueblo.ar\/index.php?rest_route=%2Fwp%2Fv2%2Ftags&post=51352"}],"curies":[{"name":"wp","href":"https:\/\/api.w.org\/{rel}","templated":true}]}}