{"id":51328,"date":"2026-09-03T16:08:58","date_gmt":"2026-09-03T19:08:58","guid":{"rendered":"http:\/\/fmdelpueblo.ar\/?p=51328"},"modified":"2026-09-03T16:08:58","modified_gmt":"2026-09-03T19:08:58","slug":"es-oficial-ice-confirmo-que-deporto-a-un-presunto-agente-de-inteligencia-del-regimen-cubano-capturado-por-el-fbi-que-vivio-durante-anos-en-el-sur-de-florida","status":"publish","type":"post","link":"https:\/\/fmdelpueblo.ar\/?p=51328","title":{"rendered":"Es oficial: ICE confirm\u00f3 que deport\u00f3 a un presunto agente de inteligencia del r\u00e9gimen cubano capturado por el FBI que vivi\u00f3 durante a\u00f1os en el sur de Florida"},"content":{"rendered":"<p>El hombre, identificado como Fernando Armando Vald\u00e9s P\u00e9rez, tendr\u00eda v\u00ednculos con la dictadura castrista. Lo acusan de haber recopilado informaci\u00f3n de l\u00edderes exiliados en Florida durante d\u00e9cadas, entre ellos, el pol\u00e9mico militante anticastrista Luis Posada Carriles. <\/p>","protected":false},"excerpt":{"rendered":"<p>El hombre, identificado como Fernando Armando Vald\u00e9s P\u00e9rez, tendr\u00eda v\u00ednculos con la dictadura castrista. Lo acusan de haber recopilado informaci\u00f3n de l\u00edderes exiliados en Florida durante d\u00e9cadas, entre ellos, el pol\u00e9mico militante anticastrista Luis Posada Carriles.<\/p>\n","protected":false},"author":0,"featured_media":0,"comment_status":"","ping_status":"","sticky":false,"template":"","format":"standard","meta":{"footnotes":""},"categories":[1],"tags":[],"class_list":["post-51328","post","type-post","status-publish","format-standard","has-post-thumbnail","hentry","category-sin-categoria"],"_links":{"self":[{"href":"https:\/\/fmdelpueblo.ar\/index.php?rest_route=\/wp\/v2\/posts\/51328","targetHints":{"allow":["GET"]}}],"collection":[{"href":"https:\/\/fmdelpueblo.ar\/index.php?rest_route=\/wp\/v2\/posts"}],"about":[{"href":"https:\/\/fmdelpueblo.ar\/index.php?rest_route=\/wp\/v2\/types\/post"}],"replies":[{"embeddable":true,"href":"https:\/\/fmdelpueblo.ar\/index.php?rest_route=%2Fwp%2Fv2%2Fcomments&post=51328"}],"version-history":[{"count":0,"href":"https:\/\/fmdelpueblo.ar\/index.php?rest_route=\/wp\/v2\/posts\/51328\/revisions"}],"wp:attachment":[{"href":"https:\/\/fmdelpueblo.ar\/index.php?rest_route=%2Fwp%2Fv2%2Fmedia&parent=51328"}],"wp:term":[{"taxonomy":"category","embeddable":true,"href":"https:\/\/fmdelpueblo.ar\/index.php?rest_route=%2Fwp%2Fv2%2Fcategories&post=51328"},{"taxonomy":"post_tag","embeddable":true,"href":"https:\/\/fmdelpueblo.ar\/index.php?rest_route=%2Fwp%2Fv2%2Ftags&post=51328"}],"curies":[{"name":"wp","href":"https:\/\/api.w.org\/{rel}","templated":true}]}}