{"id":51326,"date":"2026-09-03T16:08:57","date_gmt":"2026-09-03T19:08:57","guid":{"rendered":"http:\/\/fmdelpueblo.ar\/?p=51326"},"modified":"2026-09-03T16:08:57","modified_gmt":"2026-09-03T19:08:57","slug":"soledad-fandino-se-quebro-al-hablar-del-estres-que-atraviesa-tras-su-cancer-de-mama-me-da-culpa","status":"publish","type":"post","link":"https:\/\/fmdelpueblo.ar\/?p=51326","title":{"rendered":"Soledad Fandi\u00f1o se quebr\u00f3 al hablar del estr\u00e9s que atraviesa tras su c\u00e1ncer de mama: \u201cMe da culpa\u201d"},"content":{"rendered":"<p>La actriz comparti\u00f3 un video en redes y habl\u00f3 de las dificultades emocionales que enfrenta desde la operaci\u00f3n.Adem\u00e1s, cont\u00f3 las distintas pr\u00e1cticas que incorpora para intentar cuidar su bienestar.<\/p>","protected":false},"excerpt":{"rendered":"<p>La actriz comparti\u00f3 un video en redes y habl\u00f3 de las dificultades emocionales que enfrenta desde la operaci\u00f3n.Adem\u00e1s, cont\u00f3 las distintas pr\u00e1cticas que incorpora para intentar cuidar su bienestar.<\/p>\n","protected":false},"author":0,"featured_media":0,"comment_status":"","ping_status":"","sticky":false,"template":"","format":"standard","meta":{"footnotes":""},"categories":[1],"tags":[],"class_list":["post-51326","post","type-post","status-publish","format-standard","has-post-thumbnail","hentry","category-sin-categoria"],"_links":{"self":[{"href":"https:\/\/fmdelpueblo.ar\/index.php?rest_route=\/wp\/v2\/posts\/51326","targetHints":{"allow":["GET"]}}],"collection":[{"href":"https:\/\/fmdelpueblo.ar\/index.php?rest_route=\/wp\/v2\/posts"}],"about":[{"href":"https:\/\/fmdelpueblo.ar\/index.php?rest_route=\/wp\/v2\/types\/post"}],"replies":[{"embeddable":true,"href":"https:\/\/fmdelpueblo.ar\/index.php?rest_route=%2Fwp%2Fv2%2Fcomments&post=51326"}],"version-history":[{"count":0,"href":"https:\/\/fmdelpueblo.ar\/index.php?rest_route=\/wp\/v2\/posts\/51326\/revisions"}],"wp:attachment":[{"href":"https:\/\/fmdelpueblo.ar\/index.php?rest_route=%2Fwp%2Fv2%2Fmedia&parent=51326"}],"wp:term":[{"taxonomy":"category","embeddable":true,"href":"https:\/\/fmdelpueblo.ar\/index.php?rest_route=%2Fwp%2Fv2%2Fcategories&post=51326"},{"taxonomy":"post_tag","embeddable":true,"href":"https:\/\/fmdelpueblo.ar\/index.php?rest_route=%2Fwp%2Fv2%2Ftags&post=51326"}],"curies":[{"name":"wp","href":"https:\/\/api.w.org\/{rel}","templated":true}]}}