{"id":51324,"date":"2026-09-03T16:08:55","date_gmt":"2026-09-03T19:08:55","guid":{"rendered":"http:\/\/fmdelpueblo.ar\/?p=51324"},"modified":"2026-09-03T16:08:55","modified_gmt":"2026-09-03T19:08:55","slug":"jordi-morera-panadero-la-masa-madre-no-es-una-moda-es-la-manera-que-hemos-comido-pan-toda-la-historia","status":"publish","type":"post","link":"https:\/\/fmdelpueblo.ar\/?p=51324","title":{"rendered":"Jordi Morera, panadero: \u201cLa masa madre no es una moda, es la manera que hemos comido pan toda la historia\u201d"},"content":{"rendered":"<p>El panadero explica c\u00f3mo su negocio familiar pas\u00f3 por uno de sus peores momentos y por qu\u00e9 decidi\u00f3 apostar por masa madre, harina reci\u00e9n molida y procesos artesanales.<\/p>","protected":false},"excerpt":{"rendered":"<p>El panadero explica c\u00f3mo su negocio familiar pas\u00f3 por uno de sus peores momentos y por qu\u00e9 decidi\u00f3 apostar por masa madre, harina reci\u00e9n molida y procesos artesanales.<\/p>\n","protected":false},"author":0,"featured_media":0,"comment_status":"","ping_status":"","sticky":false,"template":"","format":"standard","meta":{"footnotes":""},"categories":[1],"tags":[],"class_list":["post-51324","post","type-post","status-publish","format-standard","has-post-thumbnail","hentry","category-sin-categoria"],"_links":{"self":[{"href":"https:\/\/fmdelpueblo.ar\/index.php?rest_route=\/wp\/v2\/posts\/51324","targetHints":{"allow":["GET"]}}],"collection":[{"href":"https:\/\/fmdelpueblo.ar\/index.php?rest_route=\/wp\/v2\/posts"}],"about":[{"href":"https:\/\/fmdelpueblo.ar\/index.php?rest_route=\/wp\/v2\/types\/post"}],"replies":[{"embeddable":true,"href":"https:\/\/fmdelpueblo.ar\/index.php?rest_route=%2Fwp%2Fv2%2Fcomments&post=51324"}],"version-history":[{"count":0,"href":"https:\/\/fmdelpueblo.ar\/index.php?rest_route=\/wp\/v2\/posts\/51324\/revisions"}],"wp:attachment":[{"href":"https:\/\/fmdelpueblo.ar\/index.php?rest_route=%2Fwp%2Fv2%2Fmedia&parent=51324"}],"wp:term":[{"taxonomy":"category","embeddable":true,"href":"https:\/\/fmdelpueblo.ar\/index.php?rest_route=%2Fwp%2Fv2%2Fcategories&post=51324"},{"taxonomy":"post_tag","embeddable":true,"href":"https:\/\/fmdelpueblo.ar\/index.php?rest_route=%2Fwp%2Fv2%2Ftags&post=51324"}],"curies":[{"name":"wp","href":"https:\/\/api.w.org\/{rel}","templated":true}]}}