{"id":51312,"date":"2026-09-03T14:09:11","date_gmt":"2026-09-03T17:09:11","guid":{"rendered":"http:\/\/fmdelpueblo.ar\/?p=51312"},"modified":"2026-09-03T14:09:11","modified_gmt":"2026-09-03T17:09:11","slug":"milei-en-chile-reivindico-la-gestion-economica-de-pinochet-y-se-reunio-con-el-presidente-kast","status":"publish","type":"post","link":"https:\/\/fmdelpueblo.ar\/?p=51312","title":{"rendered":"Milei en Chile: reivindic\u00f3 la gesti\u00f3n econ\u00f3mica de Pinochet y se reuni\u00f3 con el presidente Kast"},"content":{"rendered":"<p>El Presidente abri\u00f3 el V Encuentro Regional del Foro Madrid celebrado en Santiago de Chile.Cr\u00edticas a los \u00abzurdos mugrosos\u00bb y menci\u00f3n a la presi\u00f3n ante la que \u00absucumbi\u00f3\u00bb Mauricio Macri en 2017.<\/p>","protected":false},"excerpt":{"rendered":"<p>El Presidente abri\u00f3 el V Encuentro Regional del Foro Madrid celebrado en Santiago de Chile.Cr\u00edticas a los \u00abzurdos mugrosos\u00bb y menci\u00f3n a la presi\u00f3n ante la que \u00absucumbi\u00f3\u00bb Mauricio Macri en 2017.<\/p>\n","protected":false},"author":0,"featured_media":0,"comment_status":"","ping_status":"","sticky":false,"template":"","format":"standard","meta":{"footnotes":""},"categories":[1],"tags":[],"class_list":["post-51312","post","type-post","status-publish","format-standard","has-post-thumbnail","hentry","category-sin-categoria"],"_links":{"self":[{"href":"https:\/\/fmdelpueblo.ar\/index.php?rest_route=\/wp\/v2\/posts\/51312","targetHints":{"allow":["GET"]}}],"collection":[{"href":"https:\/\/fmdelpueblo.ar\/index.php?rest_route=\/wp\/v2\/posts"}],"about":[{"href":"https:\/\/fmdelpueblo.ar\/index.php?rest_route=\/wp\/v2\/types\/post"}],"replies":[{"embeddable":true,"href":"https:\/\/fmdelpueblo.ar\/index.php?rest_route=%2Fwp%2Fv2%2Fcomments&post=51312"}],"version-history":[{"count":0,"href":"https:\/\/fmdelpueblo.ar\/index.php?rest_route=\/wp\/v2\/posts\/51312\/revisions"}],"wp:attachment":[{"href":"https:\/\/fmdelpueblo.ar\/index.php?rest_route=%2Fwp%2Fv2%2Fmedia&parent=51312"}],"wp:term":[{"taxonomy":"category","embeddable":true,"href":"https:\/\/fmdelpueblo.ar\/index.php?rest_route=%2Fwp%2Fv2%2Fcategories&post=51312"},{"taxonomy":"post_tag","embeddable":true,"href":"https:\/\/fmdelpueblo.ar\/index.php?rest_route=%2Fwp%2Fv2%2Ftags&post=51312"}],"curies":[{"name":"wp","href":"https:\/\/api.w.org\/{rel}","templated":true}]}}