{"id":51311,"date":"2026-09-03T14:09:10","date_gmt":"2026-09-03T17:09:10","guid":{"rendered":"http:\/\/fmdelpueblo.ar\/?p=51311"},"modified":"2026-09-03T14:09:10","modified_gmt":"2026-09-03T17:09:10","slug":"milito-rompio-el-silencio-y-hablo-de-todo-por-que-echo-a-costas-la-vuelta-de-de-paul-y-a-que-se-referia-cuando-prometio-un-salto-de-calidad-en-racing","status":"publish","type":"post","link":"https:\/\/fmdelpueblo.ar\/?p=51311","title":{"rendered":"Milito rompi\u00f3 el silencio y habl\u00f3 de todo: por qu\u00e9 ech\u00f3 a Costas, la vuelta de De Paul y a qu\u00e9 se refer\u00eda cuando prometi\u00f3 \u00abun salto de calidad\u00bb en Racing"},"content":{"rendered":"<p>En medio de la crisis futbol\u00edstica del club, el presidente de la Academia ofreci\u00f3 una conferencia de prensa.<\/p>","protected":false},"excerpt":{"rendered":"<p>En medio de la crisis futbol\u00edstica del club, el presidente de la Academia ofreci\u00f3 una conferencia de prensa.<\/p>\n","protected":false},"author":0,"featured_media":0,"comment_status":"","ping_status":"","sticky":false,"template":"","format":"standard","meta":{"footnotes":""},"categories":[1],"tags":[],"class_list":["post-51311","post","type-post","status-publish","format-standard","has-post-thumbnail","hentry","category-sin-categoria"],"_links":{"self":[{"href":"https:\/\/fmdelpueblo.ar\/index.php?rest_route=\/wp\/v2\/posts\/51311","targetHints":{"allow":["GET"]}}],"collection":[{"href":"https:\/\/fmdelpueblo.ar\/index.php?rest_route=\/wp\/v2\/posts"}],"about":[{"href":"https:\/\/fmdelpueblo.ar\/index.php?rest_route=\/wp\/v2\/types\/post"}],"replies":[{"embeddable":true,"href":"https:\/\/fmdelpueblo.ar\/index.php?rest_route=%2Fwp%2Fv2%2Fcomments&post=51311"}],"version-history":[{"count":0,"href":"https:\/\/fmdelpueblo.ar\/index.php?rest_route=\/wp\/v2\/posts\/51311\/revisions"}],"wp:attachment":[{"href":"https:\/\/fmdelpueblo.ar\/index.php?rest_route=%2Fwp%2Fv2%2Fmedia&parent=51311"}],"wp:term":[{"taxonomy":"category","embeddable":true,"href":"https:\/\/fmdelpueblo.ar\/index.php?rest_route=%2Fwp%2Fv2%2Fcategories&post=51311"},{"taxonomy":"post_tag","embeddable":true,"href":"https:\/\/fmdelpueblo.ar\/index.php?rest_route=%2Fwp%2Fv2%2Ftags&post=51311"}],"curies":[{"name":"wp","href":"https:\/\/api.w.org\/{rel}","templated":true}]}}