{"id":51310,"date":"2026-09-03T14:09:09","date_gmt":"2026-09-03T17:09:09","guid":{"rendered":"http:\/\/fmdelpueblo.ar\/?p=51310"},"modified":"2026-09-03T14:09:09","modified_gmt":"2026-09-03T17:09:09","slug":"a-50-anos-de-la-noche-de-los-lapices-los-estudiantes-secundarios-marchan-en-zona-norte","status":"publish","type":"post","link":"https:\/\/fmdelpueblo.ar\/?p=51310","title":{"rendered":"A 50 a\u00f1os de la Noche de los L\u00e1pices, los estudiantes secundarios marchan en Zona Norte"},"content":{"rendered":"<p>El s\u00e1bado se har\u00e1 la movilizaci\u00f3n organizada por la Uni\u00f3n de Estudiantes Secundarios (UES) y la Comisi\u00f3n Memoria, Verdad y Justicia de Zona Norte.El mi\u00e9rcoles 16 participar\u00e1n de la marcha que se realizar\u00e1 en la ciudad de La Plata.<\/p>","protected":false},"excerpt":{"rendered":"<p>El s\u00e1bado se har\u00e1 la movilizaci\u00f3n organizada por la Uni\u00f3n de Estudiantes Secundarios (UES) y la Comisi\u00f3n Memoria, Verdad y Justicia de Zona Norte.El mi\u00e9rcoles 16 participar\u00e1n de la marcha que se realizar\u00e1 en la ciudad de La Plata.<\/p>\n","protected":false},"author":0,"featured_media":0,"comment_status":"","ping_status":"","sticky":false,"template":"","format":"standard","meta":{"footnotes":""},"categories":[1],"tags":[],"class_list":["post-51310","post","type-post","status-publish","format-standard","has-post-thumbnail","hentry","category-sin-categoria"],"_links":{"self":[{"href":"https:\/\/fmdelpueblo.ar\/index.php?rest_route=\/wp\/v2\/posts\/51310","targetHints":{"allow":["GET"]}}],"collection":[{"href":"https:\/\/fmdelpueblo.ar\/index.php?rest_route=\/wp\/v2\/posts"}],"about":[{"href":"https:\/\/fmdelpueblo.ar\/index.php?rest_route=\/wp\/v2\/types\/post"}],"replies":[{"embeddable":true,"href":"https:\/\/fmdelpueblo.ar\/index.php?rest_route=%2Fwp%2Fv2%2Fcomments&post=51310"}],"version-history":[{"count":0,"href":"https:\/\/fmdelpueblo.ar\/index.php?rest_route=\/wp\/v2\/posts\/51310\/revisions"}],"wp:attachment":[{"href":"https:\/\/fmdelpueblo.ar\/index.php?rest_route=%2Fwp%2Fv2%2Fmedia&parent=51310"}],"wp:term":[{"taxonomy":"category","embeddable":true,"href":"https:\/\/fmdelpueblo.ar\/index.php?rest_route=%2Fwp%2Fv2%2Fcategories&post=51310"},{"taxonomy":"post_tag","embeddable":true,"href":"https:\/\/fmdelpueblo.ar\/index.php?rest_route=%2Fwp%2Fv2%2Ftags&post=51310"}],"curies":[{"name":"wp","href":"https:\/\/api.w.org\/{rel}","templated":true}]}}