{"id":51309,"date":"2026-09-03T14:09:09","date_gmt":"2026-09-03T17:09:09","guid":{"rendered":"http:\/\/fmdelpueblo.ar\/?p=51309"},"modified":"2026-09-03T14:09:09","modified_gmt":"2026-09-03T17:09:09","slug":"la-legislatura-voto-el-pliego-de-martin-lopez-zavaleta-como-fiscal-general-porteno-y-reemplazara-a-mahiques","status":"publish","type":"post","link":"https:\/\/fmdelpueblo.ar\/?p=51309","title":{"rendered":"La Legislatura vot\u00f3 el pliego de Mart\u00edn L\u00f3pez Zavaleta como Fiscal General porte\u00f1o y reemplazar\u00e1 a Mahiques"},"content":{"rendered":"<p>Fue votado por mayor\u00eda con 51 apoyos de todos los sectores menos la izquierdaOcupar\u00e1 el cargo que dej\u00f3 el actual ministro de Justicia de Milei. <\/p>","protected":false},"excerpt":{"rendered":"<p>Fue votado por mayor\u00eda con 51 apoyos de todos los sectores menos la izquierdaOcupar\u00e1 el cargo que dej\u00f3 el actual ministro de Justicia de Milei.<\/p>\n","protected":false},"author":0,"featured_media":0,"comment_status":"","ping_status":"","sticky":false,"template":"","format":"standard","meta":{"footnotes":""},"categories":[1],"tags":[],"class_list":["post-51309","post","type-post","status-publish","format-standard","has-post-thumbnail","hentry","category-sin-categoria"],"_links":{"self":[{"href":"https:\/\/fmdelpueblo.ar\/index.php?rest_route=\/wp\/v2\/posts\/51309","targetHints":{"allow":["GET"]}}],"collection":[{"href":"https:\/\/fmdelpueblo.ar\/index.php?rest_route=\/wp\/v2\/posts"}],"about":[{"href":"https:\/\/fmdelpueblo.ar\/index.php?rest_route=\/wp\/v2\/types\/post"}],"replies":[{"embeddable":true,"href":"https:\/\/fmdelpueblo.ar\/index.php?rest_route=%2Fwp%2Fv2%2Fcomments&post=51309"}],"version-history":[{"count":0,"href":"https:\/\/fmdelpueblo.ar\/index.php?rest_route=\/wp\/v2\/posts\/51309\/revisions"}],"wp:attachment":[{"href":"https:\/\/fmdelpueblo.ar\/index.php?rest_route=%2Fwp%2Fv2%2Fmedia&parent=51309"}],"wp:term":[{"taxonomy":"category","embeddable":true,"href":"https:\/\/fmdelpueblo.ar\/index.php?rest_route=%2Fwp%2Fv2%2Fcategories&post=51309"},{"taxonomy":"post_tag","embeddable":true,"href":"https:\/\/fmdelpueblo.ar\/index.php?rest_route=%2Fwp%2Fv2%2Ftags&post=51309"}],"curies":[{"name":"wp","href":"https:\/\/api.w.org\/{rel}","templated":true}]}}