{"id":51306,"date":"2026-09-03T14:09:06","date_gmt":"2026-09-03T17:09:06","guid":{"rendered":"http:\/\/fmdelpueblo.ar\/?p=51306"},"modified":"2026-09-03T14:09:06","modified_gmt":"2026-09-03T17:09:06","slug":"comunicado-amenazante-y-ultimatum-feroz-conflicto-entre-la-intendenta-de-moreno-y-la-uta-por-un-nuevo-sistema-de-transporte","status":"publish","type":"post","link":"https:\/\/fmdelpueblo.ar\/?p=51306","title":{"rendered":"Comunicado amenazante y ultim\u00e1tum: feroz conflicto entre la intendenta de Moreno y la UTA por un nuevo sistema de transporte"},"content":{"rendered":"<p>El Municipio inici\u00f3 el proceso para renovar el sistema de l\u00edneas de colectivos que recorren la comuna.Roberto Fern\u00e1ndez, secretario general del gremio firm\u00f3 un duro comunicado en el que habla de la jefa comunal \u00abpone en riesgo la paz social\u00bb.Este viernes es la apertura de sobres de la nueva licitaci\u00f3n.<\/p>","protected":false},"excerpt":{"rendered":"<p>El Municipio inici\u00f3 el proceso para renovar el sistema de l\u00edneas de colectivos que recorren la comuna.Roberto Fern\u00e1ndez, secretario general del gremio firm\u00f3 un duro comunicado en el que habla de la jefa comunal \u00abpone en riesgo la paz social\u00bb.Este viernes es la apertura de sobres de la nueva licitaci\u00f3n.<\/p>\n","protected":false},"author":0,"featured_media":0,"comment_status":"","ping_status":"","sticky":false,"template":"","format":"standard","meta":{"footnotes":""},"categories":[1],"tags":[],"class_list":["post-51306","post","type-post","status-publish","format-standard","has-post-thumbnail","hentry","category-sin-categoria"],"_links":{"self":[{"href":"https:\/\/fmdelpueblo.ar\/index.php?rest_route=\/wp\/v2\/posts\/51306","targetHints":{"allow":["GET"]}}],"collection":[{"href":"https:\/\/fmdelpueblo.ar\/index.php?rest_route=\/wp\/v2\/posts"}],"about":[{"href":"https:\/\/fmdelpueblo.ar\/index.php?rest_route=\/wp\/v2\/types\/post"}],"replies":[{"embeddable":true,"href":"https:\/\/fmdelpueblo.ar\/index.php?rest_route=%2Fwp%2Fv2%2Fcomments&post=51306"}],"version-history":[{"count":0,"href":"https:\/\/fmdelpueblo.ar\/index.php?rest_route=\/wp\/v2\/posts\/51306\/revisions"}],"wp:attachment":[{"href":"https:\/\/fmdelpueblo.ar\/index.php?rest_route=%2Fwp%2Fv2%2Fmedia&parent=51306"}],"wp:term":[{"taxonomy":"category","embeddable":true,"href":"https:\/\/fmdelpueblo.ar\/index.php?rest_route=%2Fwp%2Fv2%2Fcategories&post=51306"},{"taxonomy":"post_tag","embeddable":true,"href":"https:\/\/fmdelpueblo.ar\/index.php?rest_route=%2Fwp%2Fv2%2Ftags&post=51306"}],"curies":[{"name":"wp","href":"https:\/\/api.w.org\/{rel}","templated":true}]}}