{"id":51305,"date":"2026-09-03T14:09:06","date_gmt":"2026-09-03T17:09:06","guid":{"rendered":"http:\/\/fmdelpueblo.ar\/?p=51305"},"modified":"2026-09-03T14:09:06","modified_gmt":"2026-09-03T17:09:06","slug":"la-mejor-pizza-margarita-congelada-del-mercado-la-vende-una-popular-cadena-de-supermercados","status":"publish","type":"post","link":"https:\/\/fmdelpueblo.ar\/?p=51305","title":{"rendered":"La mejor pizza margarita congelada del mercado la vende una popular cadena de supermercados"},"content":{"rendered":"<p>Una prueba de degustaci\u00f3n compar\u00f3 distintas pizzas margarita congeladas.La elegida se destaca por una combinaci\u00f3n de masa, queso, tomate y albahaca.<\/p>","protected":false},"excerpt":{"rendered":"<p>Una prueba de degustaci\u00f3n compar\u00f3 distintas pizzas margarita congeladas.La elegida se destaca por una combinaci\u00f3n de masa, queso, tomate y albahaca.<\/p>\n","protected":false},"author":0,"featured_media":0,"comment_status":"","ping_status":"","sticky":false,"template":"","format":"standard","meta":{"footnotes":""},"categories":[1],"tags":[],"class_list":["post-51305","post","type-post","status-publish","format-standard","has-post-thumbnail","hentry","category-sin-categoria"],"_links":{"self":[{"href":"https:\/\/fmdelpueblo.ar\/index.php?rest_route=\/wp\/v2\/posts\/51305","targetHints":{"allow":["GET"]}}],"collection":[{"href":"https:\/\/fmdelpueblo.ar\/index.php?rest_route=\/wp\/v2\/posts"}],"about":[{"href":"https:\/\/fmdelpueblo.ar\/index.php?rest_route=\/wp\/v2\/types\/post"}],"replies":[{"embeddable":true,"href":"https:\/\/fmdelpueblo.ar\/index.php?rest_route=%2Fwp%2Fv2%2Fcomments&post=51305"}],"version-history":[{"count":0,"href":"https:\/\/fmdelpueblo.ar\/index.php?rest_route=\/wp\/v2\/posts\/51305\/revisions"}],"wp:attachment":[{"href":"https:\/\/fmdelpueblo.ar\/index.php?rest_route=%2Fwp%2Fv2%2Fmedia&parent=51305"}],"wp:term":[{"taxonomy":"category","embeddable":true,"href":"https:\/\/fmdelpueblo.ar\/index.php?rest_route=%2Fwp%2Fv2%2Fcategories&post=51305"},{"taxonomy":"post_tag","embeddable":true,"href":"https:\/\/fmdelpueblo.ar\/index.php?rest_route=%2Fwp%2Fv2%2Ftags&post=51305"}],"curies":[{"name":"wp","href":"https:\/\/api.w.org\/{rel}","templated":true}]}}