{"id":51304,"date":"2026-09-03T14:09:05","date_gmt":"2026-09-03T17:09:05","guid":{"rendered":"http:\/\/fmdelpueblo.ar\/?p=51304"},"modified":"2026-09-03T14:09:05","modified_gmt":"2026-09-03T17:09:05","slug":"mas-presion-sobre-la-isla-estados-unidos-sanciono-a-un-nieto-de-raul-castro-y-al-banco-exterior-de-cuba","status":"publish","type":"post","link":"https:\/\/fmdelpueblo.ar\/?p=51304","title":{"rendered":"M\u00e1s presi\u00f3n sobre la isla: Estados Unidos sancion\u00f3 a un nieto de Ra\u00fal Castro y al Banco Exterior de Cuba"},"content":{"rendered":"<p>\u00abEstas designaciones reflejan la visi\u00f3n inquebrantable del presidente Trump de una Cuba libre\u00bb, afirm\u00f3 el secretario de Estado, Marco Rubio, en un comunicado.<\/p>","protected":false},"excerpt":{"rendered":"<p>\u00abEstas designaciones reflejan la visi\u00f3n inquebrantable del presidente Trump de una Cuba libre\u00bb, afirm\u00f3 el secretario de Estado, Marco Rubio, en un comunicado.<\/p>\n","protected":false},"author":0,"featured_media":0,"comment_status":"","ping_status":"","sticky":false,"template":"","format":"standard","meta":{"footnotes":""},"categories":[1],"tags":[],"class_list":["post-51304","post","type-post","status-publish","format-standard","has-post-thumbnail","hentry","category-sin-categoria"],"_links":{"self":[{"href":"https:\/\/fmdelpueblo.ar\/index.php?rest_route=\/wp\/v2\/posts\/51304","targetHints":{"allow":["GET"]}}],"collection":[{"href":"https:\/\/fmdelpueblo.ar\/index.php?rest_route=\/wp\/v2\/posts"}],"about":[{"href":"https:\/\/fmdelpueblo.ar\/index.php?rest_route=\/wp\/v2\/types\/post"}],"replies":[{"embeddable":true,"href":"https:\/\/fmdelpueblo.ar\/index.php?rest_route=%2Fwp%2Fv2%2Fcomments&post=51304"}],"version-history":[{"count":0,"href":"https:\/\/fmdelpueblo.ar\/index.php?rest_route=\/wp\/v2\/posts\/51304\/revisions"}],"wp:attachment":[{"href":"https:\/\/fmdelpueblo.ar\/index.php?rest_route=%2Fwp%2Fv2%2Fmedia&parent=51304"}],"wp:term":[{"taxonomy":"category","embeddable":true,"href":"https:\/\/fmdelpueblo.ar\/index.php?rest_route=%2Fwp%2Fv2%2Fcategories&post=51304"},{"taxonomy":"post_tag","embeddable":true,"href":"https:\/\/fmdelpueblo.ar\/index.php?rest_route=%2Fwp%2Fv2%2Ftags&post=51304"}],"curies":[{"name":"wp","href":"https:\/\/api.w.org\/{rel}","templated":true}]}}