{"id":51303,"date":"2026-09-03T14:09:04","date_gmt":"2026-09-03T17:09:04","guid":{"rendered":"http:\/\/fmdelpueblo.ar\/?p=51303"},"modified":"2026-09-03T14:09:04","modified_gmt":"2026-09-03T17:09:04","slug":"la-justicia-revoco-el-bozal-legal-de-tapia-y-toviggino-a-periodistas-y-dirigentes-politicos","status":"publish","type":"post","link":"https:\/\/fmdelpueblo.ar\/?p=51303","title":{"rendered":"La Justicia revoc\u00f3 el \u00abbozal legal\u00bb de Tapia y Toviggino a periodistas y dirigentes pol\u00edticos"},"content":{"rendered":"<p>Les prohib\u00eda acercarse y tomar contacto con los dirigentes de la AFA. La C\u00e1mara Penal de San Isidro anul\u00f3 el fallo porque atenta contra la libertad de expresi\u00f3n <\/p>","protected":false},"excerpt":{"rendered":"<p>Les prohib\u00eda acercarse y tomar contacto con los dirigentes de la AFA. La C\u00e1mara Penal de San Isidro anul\u00f3 el fallo porque atenta contra la libertad de expresi\u00f3n<\/p>\n","protected":false},"author":0,"featured_media":0,"comment_status":"","ping_status":"","sticky":false,"template":"","format":"standard","meta":{"footnotes":""},"categories":[1],"tags":[],"class_list":["post-51303","post","type-post","status-publish","format-standard","has-post-thumbnail","hentry","category-sin-categoria"],"_links":{"self":[{"href":"https:\/\/fmdelpueblo.ar\/index.php?rest_route=\/wp\/v2\/posts\/51303","targetHints":{"allow":["GET"]}}],"collection":[{"href":"https:\/\/fmdelpueblo.ar\/index.php?rest_route=\/wp\/v2\/posts"}],"about":[{"href":"https:\/\/fmdelpueblo.ar\/index.php?rest_route=\/wp\/v2\/types\/post"}],"replies":[{"embeddable":true,"href":"https:\/\/fmdelpueblo.ar\/index.php?rest_route=%2Fwp%2Fv2%2Fcomments&post=51303"}],"version-history":[{"count":0,"href":"https:\/\/fmdelpueblo.ar\/index.php?rest_route=\/wp\/v2\/posts\/51303\/revisions"}],"wp:attachment":[{"href":"https:\/\/fmdelpueblo.ar\/index.php?rest_route=%2Fwp%2Fv2%2Fmedia&parent=51303"}],"wp:term":[{"taxonomy":"category","embeddable":true,"href":"https:\/\/fmdelpueblo.ar\/index.php?rest_route=%2Fwp%2Fv2%2Fcategories&post=51303"},{"taxonomy":"post_tag","embeddable":true,"href":"https:\/\/fmdelpueblo.ar\/index.php?rest_route=%2Fwp%2Fv2%2Ftags&post=51303"}],"curies":[{"name":"wp","href":"https:\/\/api.w.org\/{rel}","templated":true}]}}