{"id":51273,"date":"2026-09-03T11:08:56","date_gmt":"2026-09-03T14:08:56","guid":{"rendered":"http:\/\/fmdelpueblo.ar\/?p=51273"},"modified":"2026-09-03T11:08:56","modified_gmt":"2026-09-03T14:08:56","slug":"no-hay-pruebas-pedro-sanchez-reitero-en-el-congreso-que-no-tiene-evidencias-para-acusar-a-marruecos-del-caos-migratorio-en-ceuta","status":"publish","type":"post","link":"https:\/\/fmdelpueblo.ar\/?p=51273","title":{"rendered":"\u00abNo hay pruebas\u00bb: Pedro S\u00e1nchez reiter\u00f3 en el Congreso que no tiene evidencias para acusar a Marruecos del caos migratorio en Ceuta"},"content":{"rendered":"<p>El presidente del gobierno de Espa\u00f1a se present\u00f3 ante el Congreso para dar explicaciones sobre el tr\u00e1gico cruce de miles de migrantes el 30 y 31 de julio.El l\u00edder socialista enfrenta la fuerte presi\u00f3n de la oposici\u00f3n, que exige su renuncia tras la crisis migratoria.<\/p>","protected":false},"excerpt":{"rendered":"<p>El presidente del gobierno de Espa\u00f1a se present\u00f3 ante el Congreso para dar explicaciones sobre el tr\u00e1gico cruce de miles de migrantes el 30 y 31 de julio.El l\u00edder socialista enfrenta la fuerte presi\u00f3n de la oposici\u00f3n, que exige su renuncia tras la crisis migratoria.<\/p>\n","protected":false},"author":0,"featured_media":0,"comment_status":"","ping_status":"","sticky":false,"template":"","format":"standard","meta":{"footnotes":""},"categories":[1],"tags":[],"class_list":["post-51273","post","type-post","status-publish","format-standard","has-post-thumbnail","hentry","category-sin-categoria"],"_links":{"self":[{"href":"https:\/\/fmdelpueblo.ar\/index.php?rest_route=\/wp\/v2\/posts\/51273","targetHints":{"allow":["GET"]}}],"collection":[{"href":"https:\/\/fmdelpueblo.ar\/index.php?rest_route=\/wp\/v2\/posts"}],"about":[{"href":"https:\/\/fmdelpueblo.ar\/index.php?rest_route=\/wp\/v2\/types\/post"}],"replies":[{"embeddable":true,"href":"https:\/\/fmdelpueblo.ar\/index.php?rest_route=%2Fwp%2Fv2%2Fcomments&post=51273"}],"version-history":[{"count":0,"href":"https:\/\/fmdelpueblo.ar\/index.php?rest_route=\/wp\/v2\/posts\/51273\/revisions"}],"wp:attachment":[{"href":"https:\/\/fmdelpueblo.ar\/index.php?rest_route=%2Fwp%2Fv2%2Fmedia&parent=51273"}],"wp:term":[{"taxonomy":"category","embeddable":true,"href":"https:\/\/fmdelpueblo.ar\/index.php?rest_route=%2Fwp%2Fv2%2Fcategories&post=51273"},{"taxonomy":"post_tag","embeddable":true,"href":"https:\/\/fmdelpueblo.ar\/index.php?rest_route=%2Fwp%2Fv2%2Ftags&post=51273"}],"curies":[{"name":"wp","href":"https:\/\/api.w.org\/{rel}","templated":true}]}}