{"id":51271,"date":"2026-09-03T10:09:01","date_gmt":"2026-09-03T13:09:01","guid":{"rendered":"https:\/\/fmdelpueblo.ar\/?p=51271"},"modified":"2026-09-03T10:09:01","modified_gmt":"2026-09-03T13:09:01","slug":"asi-quedaron-los-cuartos-de-final-de-la-copa-argentina-cuando-y-donde-se-jugaria-boca-vs-racing","status":"publish","type":"post","link":"https:\/\/fmdelpueblo.ar\/?p=51271","title":{"rendered":"As\u00ed quedaron los cuartos de final de la Copa Argentina: cu\u00e1ndo y d\u00f3nde se jugar\u00eda Boca vs Racing"},"content":{"rendered":"<p>El Xeneize elimin\u00f3 al Fort\u00edn y ahora enfrentar\u00e1 a la Academia en cuartos de final.C\u00f3mo est\u00e1 la llave y el resto de los cruces.<\/p>","protected":false},"excerpt":{"rendered":"<p>El Xeneize elimin\u00f3 al Fort\u00edn y ahora enfrentar\u00e1 a la Academia en cuartos de final.C\u00f3mo est\u00e1 la llave y el resto de los cruces.<\/p>\n","protected":false},"author":0,"featured_media":0,"comment_status":"","ping_status":"","sticky":false,"template":"","format":"standard","meta":{"footnotes":""},"categories":[1],"tags":[],"class_list":["post-51271","post","type-post","status-publish","format-standard","has-post-thumbnail","hentry","category-sin-categoria"],"_links":{"self":[{"href":"https:\/\/fmdelpueblo.ar\/index.php?rest_route=\/wp\/v2\/posts\/51271","targetHints":{"allow":["GET"]}}],"collection":[{"href":"https:\/\/fmdelpueblo.ar\/index.php?rest_route=\/wp\/v2\/posts"}],"about":[{"href":"https:\/\/fmdelpueblo.ar\/index.php?rest_route=\/wp\/v2\/types\/post"}],"replies":[{"embeddable":true,"href":"https:\/\/fmdelpueblo.ar\/index.php?rest_route=%2Fwp%2Fv2%2Fcomments&post=51271"}],"version-history":[{"count":0,"href":"https:\/\/fmdelpueblo.ar\/index.php?rest_route=\/wp\/v2\/posts\/51271\/revisions"}],"wp:attachment":[{"href":"https:\/\/fmdelpueblo.ar\/index.php?rest_route=%2Fwp%2Fv2%2Fmedia&parent=51271"}],"wp:term":[{"taxonomy":"category","embeddable":true,"href":"https:\/\/fmdelpueblo.ar\/index.php?rest_route=%2Fwp%2Fv2%2Fcategories&post=51271"},{"taxonomy":"post_tag","embeddable":true,"href":"https:\/\/fmdelpueblo.ar\/index.php?rest_route=%2Fwp%2Fv2%2Ftags&post=51271"}],"curies":[{"name":"wp","href":"https:\/\/api.w.org\/{rel}","templated":true}]}}