{"id":51269,"date":"2026-09-03T10:09:00","date_gmt":"2026-09-03T13:09:00","guid":{"rendered":"https:\/\/fmdelpueblo.ar\/?p=51269"},"modified":"2026-09-03T10:09:00","modified_gmt":"2026-09-03T13:09:00","slug":"advierten-que-el-nino-durara-hasta-febrero-la-argentina-que-pide-calma-pero-exige-prevencion","status":"publish","type":"post","link":"https:\/\/fmdelpueblo.ar\/?p=51269","title":{"rendered":"Advierten que El Ni\u00f1o durar\u00e1 hasta febrero: la argentina que pide calma, pero exige prevenci\u00f3n"},"content":{"rendered":"<p>Seg\u00fan la Organizaci\u00f3n Meteorol\u00f3gica Mundial, el fen\u00f3meno alcanzar\u00e1 su punto m\u00e1ximo hacia finales de este a\u00f1o, aunque sus repercusiones en el clima continuar\u00e1n hasta bien entrado el 2027.\u00bbNo hay tiempo que perder\u00bb, advierten desde de la OMM.<\/p>","protected":false},"excerpt":{"rendered":"<p>Seg\u00fan la Organizaci\u00f3n Meteorol\u00f3gica Mundial, el fen\u00f3meno alcanzar\u00e1 su punto m\u00e1ximo hacia finales de este a\u00f1o, aunque sus repercusiones en el clima continuar\u00e1n hasta bien entrado el 2027.\u00bbNo hay tiempo que perder\u00bb, advierten desde de la OMM.<\/p>\n","protected":false},"author":0,"featured_media":0,"comment_status":"","ping_status":"","sticky":false,"template":"","format":"standard","meta":{"footnotes":""},"categories":[1],"tags":[],"class_list":["post-51269","post","type-post","status-publish","format-standard","has-post-thumbnail","hentry","category-sin-categoria"],"_links":{"self":[{"href":"https:\/\/fmdelpueblo.ar\/index.php?rest_route=\/wp\/v2\/posts\/51269","targetHints":{"allow":["GET"]}}],"collection":[{"href":"https:\/\/fmdelpueblo.ar\/index.php?rest_route=\/wp\/v2\/posts"}],"about":[{"href":"https:\/\/fmdelpueblo.ar\/index.php?rest_route=\/wp\/v2\/types\/post"}],"replies":[{"embeddable":true,"href":"https:\/\/fmdelpueblo.ar\/index.php?rest_route=%2Fwp%2Fv2%2Fcomments&post=51269"}],"version-history":[{"count":0,"href":"https:\/\/fmdelpueblo.ar\/index.php?rest_route=\/wp\/v2\/posts\/51269\/revisions"}],"wp:attachment":[{"href":"https:\/\/fmdelpueblo.ar\/index.php?rest_route=%2Fwp%2Fv2%2Fmedia&parent=51269"}],"wp:term":[{"taxonomy":"category","embeddable":true,"href":"https:\/\/fmdelpueblo.ar\/index.php?rest_route=%2Fwp%2Fv2%2Fcategories&post=51269"},{"taxonomy":"post_tag","embeddable":true,"href":"https:\/\/fmdelpueblo.ar\/index.php?rest_route=%2Fwp%2Fv2%2Ftags&post=51269"}],"curies":[{"name":"wp","href":"https:\/\/api.w.org\/{rel}","templated":true}]}}